{"id":23192,"date":"2023-03-13T19:25:53","date_gmt":"2023-03-13T19:25:53","guid":{"rendered":"https:\/\/www.elgrillitosuena.com\/inicio\/?p=23192"},"modified":"2023-03-13T19:25:53","modified_gmt":"2023-03-13T19:25:53","slug":"uruapan-primer-municipio-de-michoacan-en-firmar-convenio-de-coordinacion-para-prevencion-y-combate-de-incendios-forestales","status":"publish","type":"post","link":"https:\/\/www.elgrillitosuena.com\/inicio\/noticias\/uruapan\/uruapan-primer-municipio-de-michoacan-en-firmar-convenio-de-coordinacion-para-prevencion-y-combate-de-incendios-forestales\/","title":{"rendered":"Uruapan, primer municipio de Michoac\u00e1n en firmar convenio de coordinaci\u00f3n para prevenci\u00f3n y combate de incendios forestales"},"content":{"rendered":"<p><img decoding=\"async\" loading=\"lazy\" class=\"alignnone  wp-image-23193\" src=\"https:\/\/www.elgrillitosuena.com\/inicio\/wp-content\/uploads\/2023\/03\/c0133b5c-e0ec-4865-91f9-c2d8704b30a3-300x200.jpg\" alt=\"\" width=\"723\" height=\"482\" srcset=\"https:\/\/www.elgrillitosuena.com\/inicio\/wp-content\/uploads\/2023\/03\/c0133b5c-e0ec-4865-91f9-c2d8704b30a3-300x200.jpg 300w, https:\/\/www.elgrillitosuena.com\/inicio\/wp-content\/uploads\/2023\/03\/c0133b5c-e0ec-4865-91f9-c2d8704b30a3-1024x682.jpg 1024w, https:\/\/www.elgrillitosuena.com\/inicio\/wp-content\/uploads\/2023\/03\/c0133b5c-e0ec-4865-91f9-c2d8704b30a3-768x512.jpg 768w, https:\/\/www.elgrillitosuena.com\/inicio\/wp-content\/uploads\/2023\/03\/c0133b5c-e0ec-4865-91f9-c2d8704b30a3.jpg 1280w\" sizes=\"(max-width: 723px) 100vw, 723px\" \/><\/p>\n<p>\u201cSe viene una etapa de sequ\u00eda muy fuerte y necesitamos estar preparados para proteger los bosques, que son nuestros pulmones naturales\u201d, afirm\u00f3 Nacho Campos Equihua, presidente municipal de Uruapan, al firmar el convenio de coordinaci\u00f3n con la Comisi\u00f3n Forestal de Michoac\u00e1n (Cofom), para la operaci\u00f3n, prevenci\u00f3n, control y combate de incendios forestales.<\/p>\n<p>El acuerdo signado permite fortalecer a la brigada municipal Delfines y activar las cuadrillas que atienden a las comunidades de Capacuaro y San Lorenzo. Nacho Campos recalc\u00f3 que el convenio viene a reforzar el trabajo de prevenci\u00f3n realizado, como la apertura y mantenimiento de brechas corta fuego, quemas controladas y otras actividades a cargo de la Secretar\u00eda de Desarrollo Urbano y Medio Ambiente.<\/p>\n<p>En tanto que Magdalena Azeneth Ram\u00edrez Espinoza, s\u00edndica municipal, enfatiz\u00f3 que este tipo de acuerdos tienen que ver directamente con la seguridad, la salud y el cuidado de los recursos naturales. Mientras que Rosendo Caro G\u00f3mez, director de la Cofom, indic\u00f3 que por primera vez las brigadas contra incendios forestales en Michoac\u00e1n contar\u00e1n con equipo de primeros auxilios. El documento tambi\u00e9n fue rubricado por Martha Liliana Victoria B\u00e1ez, secretaria de Desarrollo Urbano y Medio Ambiente.<\/p>\n","protected":false},"excerpt":{"rendered":"<p>\u201cSe viene una etapa de sequ\u00eda muy fuerte y necesitamos estar preparados para proteger los bosques, que son nuestros pulmones naturales\u201d, afirm\u00f3 Nacho Campos Equihua, presidente municipal de Uruapan, al firmar el convenio de coordinaci\u00f3n con la Comisi\u00f3n Forestal de Michoac\u00e1n (Cofom), para la operaci\u00f3n, prevenci\u00f3n, control y combate de incendios forestales. El acuerdo signado &hellip;<\/p>\n","protected":false},"author":2,"featured_media":23193,"comment_status":"open","ping_status":"closed","sticky":false,"template":"","format":"standard","meta":[],"categories":[38,37],"tags":[697,1584,56,63],"_links":{"self":[{"href":"https:\/\/www.elgrillitosuena.com\/inicio\/wp-json\/wp\/v2\/posts\/23192"}],"collection":[{"href":"https:\/\/www.elgrillitosuena.com\/inicio\/wp-json\/wp\/v2\/posts"}],"about":[{"href":"https:\/\/www.elgrillitosuena.com\/inicio\/wp-json\/wp\/v2\/types\/post"}],"author":[{"embeddable":true,"href":"https:\/\/www.elgrillitosuena.com\/inicio\/wp-json\/wp\/v2\/users\/2"}],"replies":[{"embeddable":true,"href":"https:\/\/www.elgrillitosuena.com\/inicio\/wp-json\/wp\/v2\/comments?post=23192"}],"version-history":[{"count":1,"href":"https:\/\/www.elgrillitosuena.com\/inicio\/wp-json\/wp\/v2\/posts\/23192\/revisions"}],"predecessor-version":[{"id":23194,"href":"https:\/\/www.elgrillitosuena.com\/inicio\/wp-json\/wp\/v2\/posts\/23192\/revisions\/23194"}],"wp:featuredmedia":[{"embeddable":true,"href":"https:\/\/www.elgrillitosuena.com\/inicio\/wp-json\/wp\/v2\/media\/23193"}],"wp:attachment":[{"href":"https:\/\/www.elgrillitosuena.com\/inicio\/wp-json\/wp\/v2\/media?parent=23192"}],"wp:term":[{"taxonomy":"category","embeddable":true,"href":"https:\/\/www.elgrillitosuena.com\/inicio\/wp-json\/wp\/v2\/categories?post=23192"},{"taxonomy":"post_tag","embeddable":true,"href":"https:\/\/www.elgrillitosuena.com\/inicio\/wp-json\/wp\/v2\/tags?post=23192"}],"curies":[{"name":"wp","href":"https:\/\/api.w.org\/{rel}","templated":true}]}}