{"id":23155,"date":"2023-03-08T14:09:39","date_gmt":"2023-03-08T14:09:39","guid":{"rendered":"https:\/\/www.elgrillitosuena.com\/inicio\/?p=23155"},"modified":"2023-03-09T19:12:05","modified_gmt":"2023-03-09T19:12:05","slug":"reconoce-bedolla-lucha-historica-de-las-mujeres","status":"publish","type":"post","link":"https:\/\/www.elgrillitosuena.com\/inicio\/noticias\/michoacan\/reconoce-bedolla-lucha-historica-de-las-mujeres\/","title":{"rendered":"Reconoce Bedolla lucha hist\u00f3rica de las mujeres"},"content":{"rendered":"<p><img decoding=\"async\" loading=\"lazy\" class=\"alignnone  wp-image-23156\" src=\"https:\/\/www.elgrillitosuena.com\/inicio\/wp-content\/uploads\/2023\/03\/4f26b130-d5bd-4871-b41d-87b6ebef2099-300x200.jpg\" alt=\"\" width=\"738\" height=\"492\" srcset=\"https:\/\/www.elgrillitosuena.com\/inicio\/wp-content\/uploads\/2023\/03\/4f26b130-d5bd-4871-b41d-87b6ebef2099-300x200.jpg 300w, https:\/\/www.elgrillitosuena.com\/inicio\/wp-content\/uploads\/2023\/03\/4f26b130-d5bd-4871-b41d-87b6ebef2099-1024x683.jpg 1024w, https:\/\/www.elgrillitosuena.com\/inicio\/wp-content\/uploads\/2023\/03\/4f26b130-d5bd-4871-b41d-87b6ebef2099-768x512.jpg 768w, https:\/\/www.elgrillitosuena.com\/inicio\/wp-content\/uploads\/2023\/03\/4f26b130-d5bd-4871-b41d-87b6ebef2099.jpg 1280w\" sizes=\"(max-width: 738px) 100vw, 738px\" \/><\/p>\n<p>El gobernador Alfredo Ram\u00edrez Bedolla hizo un reconocimiento a la lucha social e hist\u00f3rica de las mujeres tras sostener que &#8220;el movimiento feminista es humanista y as\u00ed se va a defender y acompa\u00f1ar&#8221;, desde su administraci\u00f3n.<\/p>\n<p>Acompa\u00f1ado por la secretaria de Igualdad Sustantiva y Desarrollo de las Mujeres Michoacanas (Seimujer), Carolina Rangel Gracida, el mandatario entreg\u00f3 la presea Er\u00e9ndira a Maryflor Rojas Gonz\u00e1lez, por su labor a favor de los derechos reproductivos y sexuales; a Elizabeth Araceli Vega Mora, por la defensa de las personas con discapacidad auditiva y a Linda Elizabeth Tinajero Ponce, por su lucha contra la violencia vicaria.<\/p>\n<p>Durante esta entrega con motivo del D\u00eda Internacional de la Mujer, Ram\u00edrez Bedolla destac\u00f3 que en esta fecha se conmemora y concientiza lo que ha representado hacer valer los derechos de las mujeres en lo educativo, profesional, pol\u00edtico, salud y sexual, por mencionar algunos.<\/p>\n<p>&#8220;Nuestro gobierno hace grandes esfuerzos, se trabaja sin discriminaci\u00f3n y con acciones para defender y proteger a las mujeres; a las y los diputados se les pidi\u00f3 legislar para homologar el tipo penal de feminicidio y agravar las sanciones hasta 60 a\u00f1os de prisi\u00f3n y celebramos que adem\u00e1s se haya aprobado la Ley contra la Violencia Vicaria en Michoac\u00e1n&#8221;, coment\u00f3.<\/p>\n<p>No obstante, reconoci\u00f3 que a\u00fan hay temas pendientes y &#8220;desde aqu\u00ed pido que sigamos luchando por los derechos de las mujeres&#8221;.<\/p>\n<p>Rangel Gracida agradeci\u00f3 a las galardonadas todo lo que han hecho por las mujeres michoacanas y puntualiz\u00f3 que este 8 de marzo representa una fecha que llama a lo colectivo para reflexionar &#8220;sobre la violencia que se ejerce contra nosotras y que nos hermana con la consigna de que ni una m\u00e1s, ni una menos\u201d.<\/p>\n<p>Estuvieron tambi\u00e9n la presidenta honoraria del Sistema DIF Michoac\u00e1n, Grisel Tello Pimentel; la presidenta de la Mesa Directiva del Congreso del Estado, Julieta Garc\u00eda Zepeda; funcionarias estatales y feministas locales.<\/p>\n","protected":false},"excerpt":{"rendered":"<p>El gobernador Alfredo Ram\u00edrez Bedolla hizo un reconocimiento a la lucha social e hist\u00f3rica de las mujeres tras sostener que &#8220;el movimiento feminista es humanista y as\u00ed se va a defender y acompa\u00f1ar&#8221;, desde su administraci\u00f3n. Acompa\u00f1ado por la secretaria de Igualdad Sustantiva y Desarrollo de las Mujeres Michoacanas (Seimujer), Carolina Rangel Gracida, el mandatario &hellip;<\/p>\n","protected":false},"author":2,"featured_media":23156,"comment_status":"open","ping_status":"closed","sticky":false,"template":"","format":"standard","meta":[],"categories":[38],"tags":[1644,3921,56],"_links":{"self":[{"href":"https:\/\/www.elgrillitosuena.com\/inicio\/wp-json\/wp\/v2\/posts\/23155"}],"collection":[{"href":"https:\/\/www.elgrillitosuena.com\/inicio\/wp-json\/wp\/v2\/posts"}],"about":[{"href":"https:\/\/www.elgrillitosuena.com\/inicio\/wp-json\/wp\/v2\/types\/post"}],"author":[{"embeddable":true,"href":"https:\/\/www.elgrillitosuena.com\/inicio\/wp-json\/wp\/v2\/users\/2"}],"replies":[{"embeddable":true,"href":"https:\/\/www.elgrillitosuena.com\/inicio\/wp-json\/wp\/v2\/comments?post=23155"}],"version-history":[{"count":1,"href":"https:\/\/www.elgrillitosuena.com\/inicio\/wp-json\/wp\/v2\/posts\/23155\/revisions"}],"predecessor-version":[{"id":23157,"href":"https:\/\/www.elgrillitosuena.com\/inicio\/wp-json\/wp\/v2\/posts\/23155\/revisions\/23157"}],"wp:featuredmedia":[{"embeddable":true,"href":"https:\/\/www.elgrillitosuena.com\/inicio\/wp-json\/wp\/v2\/media\/23156"}],"wp:attachment":[{"href":"https:\/\/www.elgrillitosuena.com\/inicio\/wp-json\/wp\/v2\/media?parent=23155"}],"wp:term":[{"taxonomy":"category","embeddable":true,"href":"https:\/\/www.elgrillitosuena.com\/inicio\/wp-json\/wp\/v2\/categories?post=23155"},{"taxonomy":"post_tag","embeddable":true,"href":"https:\/\/www.elgrillitosuena.com\/inicio\/wp-json\/wp\/v2\/tags?post=23155"}],"curies":[{"name":"wp","href":"https:\/\/api.w.org\/{rel}","templated":true}]}}