{"id":23094,"date":"2023-03-02T20:07:54","date_gmt":"2023-03-02T20:07:54","guid":{"rendered":"https:\/\/www.elgrillitosuena.com\/inicio\/?p=23094"},"modified":"2023-03-02T20:07:54","modified_gmt":"2023-03-02T20:07:54","slug":"instalan-consejo-municipal-de-proteccion-civil-de-uruapan","status":"publish","type":"post","link":"https:\/\/www.elgrillitosuena.com\/inicio\/noticias\/uruapan\/instalan-consejo-municipal-de-proteccion-civil-de-uruapan\/","title":{"rendered":"Instalan Consejo Municipal de Protecci\u00f3n Civil de Uruapan"},"content":{"rendered":"<p><img decoding=\"async\" loading=\"lazy\" class=\"alignnone  wp-image-23095\" src=\"https:\/\/www.elgrillitosuena.com\/inicio\/wp-content\/uploads\/2023\/03\/00be69af-7869-460e-ba95-6752db654994-300x200.jpg\" alt=\"\" width=\"746\" height=\"497\" srcset=\"https:\/\/www.elgrillitosuena.com\/inicio\/wp-content\/uploads\/2023\/03\/00be69af-7869-460e-ba95-6752db654994-300x200.jpg 300w, https:\/\/www.elgrillitosuena.com\/inicio\/wp-content\/uploads\/2023\/03\/00be69af-7869-460e-ba95-6752db654994-1024x683.jpg 1024w, https:\/\/www.elgrillitosuena.com\/inicio\/wp-content\/uploads\/2023\/03\/00be69af-7869-460e-ba95-6752db654994-768x512.jpg 768w, https:\/\/www.elgrillitosuena.com\/inicio\/wp-content\/uploads\/2023\/03\/00be69af-7869-460e-ba95-6752db654994.jpg 1280w\" sizes=\"(max-width: 746px) 100vw, 746px\" \/><\/p>\n<p>Qued\u00f3 instalado el Consejo Municipal de Protecci\u00f3n Civil de Uruapan, \u00f3rgano de consulta y participaci\u00f3n para planear y coordinar las tareas de los sectores p\u00fablico, privado y social en materia de prevenci\u00f3n, auxilio y apoyo a la poblaci\u00f3n en caso de alguna contingencia.<\/p>\n<p>Nacho Campos, presidente municipal y titular de este consejo, tom\u00f3 protesta a los nuevos integrantes del organismo, entre ellos Alel\u00ed Ch\u00e1vez Aniceto, secretaria del Ayuntamiento; V\u00edctor Manuel S\u00e1nchez Cornejo, tesorero municipal; Luis Enrique Vega Sandoval, coordinador de Protecci\u00f3n Civil Municipal; Diana Marisol Lagunas V\u00e1zquez, regidora de Educaci\u00f3n y Desarrollo Social, entre otros.<\/p>\n<p>El presidente municipal resalt\u00f3 que la coordinaci\u00f3n de esfuerzos es oportuna para atender cualquier contingencia que se pudiera suscitar, sobre todo cuando se intensifica la temporada de estiaje y crece el riesgo de incendios forestales. A su vez, Luis Enrique Vega inform\u00f3 que Uruapan ya cuenta con el Programa Municipal de Protecci\u00f3n Civil y con el Programa Especial de Sequ\u00eda e Incendios Forestales.<\/p>\n","protected":false},"excerpt":{"rendered":"<p>Qued\u00f3 instalado el Consejo Municipal de Protecci\u00f3n Civil de Uruapan, \u00f3rgano de consulta y participaci\u00f3n para planear y coordinar las tareas de los sectores p\u00fablico, privado y social en materia de prevenci\u00f3n, auxilio y apoyo a la poblaci\u00f3n en caso de alguna contingencia. Nacho Campos, presidente municipal y titular de este consejo, tom\u00f3 protesta a &hellip;<\/p>\n","protected":false},"author":2,"featured_media":23095,"comment_status":"open","ping_status":"closed","sticky":false,"template":"","format":"standard","meta":[],"categories":[37],"tags":[3283,361,63],"_links":{"self":[{"href":"https:\/\/www.elgrillitosuena.com\/inicio\/wp-json\/wp\/v2\/posts\/23094"}],"collection":[{"href":"https:\/\/www.elgrillitosuena.com\/inicio\/wp-json\/wp\/v2\/posts"}],"about":[{"href":"https:\/\/www.elgrillitosuena.com\/inicio\/wp-json\/wp\/v2\/types\/post"}],"author":[{"embeddable":true,"href":"https:\/\/www.elgrillitosuena.com\/inicio\/wp-json\/wp\/v2\/users\/2"}],"replies":[{"embeddable":true,"href":"https:\/\/www.elgrillitosuena.com\/inicio\/wp-json\/wp\/v2\/comments?post=23094"}],"version-history":[{"count":1,"href":"https:\/\/www.elgrillitosuena.com\/inicio\/wp-json\/wp\/v2\/posts\/23094\/revisions"}],"predecessor-version":[{"id":23096,"href":"https:\/\/www.elgrillitosuena.com\/inicio\/wp-json\/wp\/v2\/posts\/23094\/revisions\/23096"}],"wp:featuredmedia":[{"embeddable":true,"href":"https:\/\/www.elgrillitosuena.com\/inicio\/wp-json\/wp\/v2\/media\/23095"}],"wp:attachment":[{"href":"https:\/\/www.elgrillitosuena.com\/inicio\/wp-json\/wp\/v2\/media?parent=23094"}],"wp:term":[{"taxonomy":"category","embeddable":true,"href":"https:\/\/www.elgrillitosuena.com\/inicio\/wp-json\/wp\/v2\/categories?post=23094"},{"taxonomy":"post_tag","embeddable":true,"href":"https:\/\/www.elgrillitosuena.com\/inicio\/wp-json\/wp\/v2\/tags?post=23094"}],"curies":[{"name":"wp","href":"https:\/\/api.w.org\/{rel}","templated":true}]}}