{"id":23070,"date":"2023-02-27T18:44:45","date_gmt":"2023-02-27T18:44:45","guid":{"rendered":"https:\/\/www.elgrillitosuena.com\/inicio\/?p=23070"},"modified":"2023-03-01T20:46:42","modified_gmt":"2023-03-01T20:46:42","slug":"lanzan-la-convocatoria-para-el-programa-por-uruapan-si","status":"publish","type":"post","link":"https:\/\/www.elgrillitosuena.com\/inicio\/noticias\/uruapan\/lanzan-la-convocatoria-para-el-programa-por-uruapan-si\/","title":{"rendered":"Lanzan la convocatoria para el programa Por Uruapan S\u00ed"},"content":{"rendered":"<p><img decoding=\"async\" loading=\"lazy\" class=\"alignnone  wp-image-23071\" src=\"https:\/\/www.elgrillitosuena.com\/inicio\/wp-content\/uploads\/2023\/03\/2fe9b26b-09e0-43d5-9738-9e93632a003b-300x200.jpg\" alt=\"\" width=\"735\" height=\"490\" srcset=\"https:\/\/www.elgrillitosuena.com\/inicio\/wp-content\/uploads\/2023\/03\/2fe9b26b-09e0-43d5-9738-9e93632a003b-300x200.jpg 300w, https:\/\/www.elgrillitosuena.com\/inicio\/wp-content\/uploads\/2023\/03\/2fe9b26b-09e0-43d5-9738-9e93632a003b-1024x682.jpg 1024w, https:\/\/www.elgrillitosuena.com\/inicio\/wp-content\/uploads\/2023\/03\/2fe9b26b-09e0-43d5-9738-9e93632a003b-768x512.jpg 768w, https:\/\/www.elgrillitosuena.com\/inicio\/wp-content\/uploads\/2023\/03\/2fe9b26b-09e0-43d5-9738-9e93632a003b.jpg 1280w\" sizes=\"(max-width: 735px) 100vw, 735px\" \/><\/p>\n<p>Para vincular a los j\u00f3venes y escuchar sus propuestas en el tema de salud, el Gobierno Municipal que preside Nacho Campos lanz\u00f3 la convocatoria Por Uruapan S\u00ed, un programa dirigido a los estudiantes del municipio, quienes pueden presentar sus proyectos en temas como cultura, abatimiento de la violencia, alcoholismo, drogadicci\u00f3n, embarazo adolescente, fortalecimiento de la paz, equidad de g\u00e9nero, entre otras, y su impacto en la salud p\u00fablica.<\/p>\n<p>Dana\u00e9 Silva Ledesma, regidora titular de la Comisi\u00f3n de Salud, adelant\u00f3 que el proyecto ganador obtendr\u00e1 como premio un viaje todo pagado al Congreso L\u00edderes, en Canc\u00fan, Quintana Roo, a\u00f1adi\u00f3 que en la actual administraci\u00f3n buscan motivar la participaci\u00f3n de este sector, pero tambi\u00e9n ayudarlos en su formaci\u00f3n.<\/p>\n<p>Mientras que Uribe Mac\u00edas Alem\u00e1n, secretario de Administraci\u00f3n, en representaci\u00f3n del presidente Nacho Campos, reflexion\u00f3 que el Plan Municipal de Desarrollo abarca much\u00edsimos sectores que deben cuidar, pero sobre todo salud p\u00fablica, y m\u00e1s cuando es enfocada en los j\u00f3venes.<\/p>\n<p>Para m\u00e1s informaci\u00f3n puede acudir a la p\u00e1gina de Facebook Gobierno Municipal Uruapan, Dana Si y en las oficinas de la Regidur\u00eda de Salud en Presidencia Municipal, ubicadas en avenida Chiapas #520, colonia Ram\u00f3n Far\u00edas.<\/p>\n","protected":false},"excerpt":{"rendered":"<p>Para vincular a los j\u00f3venes y escuchar sus propuestas en el tema de salud, el Gobierno Municipal que preside Nacho Campos lanz\u00f3 la convocatoria Por Uruapan S\u00ed, un programa dirigido a los estudiantes del municipio, quienes pueden presentar sus proyectos en temas como cultura, abatimiento de la violencia, alcoholismo, drogadicci\u00f3n, embarazo adolescente, fortalecimiento de la &hellip;<\/p>\n","protected":false},"author":2,"featured_media":23071,"comment_status":"open","ping_status":"closed","sticky":false,"template":"","format":"standard","meta":[],"categories":[37],"tags":[903,3878,63],"_links":{"self":[{"href":"https:\/\/www.elgrillitosuena.com\/inicio\/wp-json\/wp\/v2\/posts\/23070"}],"collection":[{"href":"https:\/\/www.elgrillitosuena.com\/inicio\/wp-json\/wp\/v2\/posts"}],"about":[{"href":"https:\/\/www.elgrillitosuena.com\/inicio\/wp-json\/wp\/v2\/types\/post"}],"author":[{"embeddable":true,"href":"https:\/\/www.elgrillitosuena.com\/inicio\/wp-json\/wp\/v2\/users\/2"}],"replies":[{"embeddable":true,"href":"https:\/\/www.elgrillitosuena.com\/inicio\/wp-json\/wp\/v2\/comments?post=23070"}],"version-history":[{"count":1,"href":"https:\/\/www.elgrillitosuena.com\/inicio\/wp-json\/wp\/v2\/posts\/23070\/revisions"}],"predecessor-version":[{"id":23072,"href":"https:\/\/www.elgrillitosuena.com\/inicio\/wp-json\/wp\/v2\/posts\/23070\/revisions\/23072"}],"wp:featuredmedia":[{"embeddable":true,"href":"https:\/\/www.elgrillitosuena.com\/inicio\/wp-json\/wp\/v2\/media\/23071"}],"wp:attachment":[{"href":"https:\/\/www.elgrillitosuena.com\/inicio\/wp-json\/wp\/v2\/media?parent=23070"}],"wp:term":[{"taxonomy":"category","embeddable":true,"href":"https:\/\/www.elgrillitosuena.com\/inicio\/wp-json\/wp\/v2\/categories?post=23070"},{"taxonomy":"post_tag","embeddable":true,"href":"https:\/\/www.elgrillitosuena.com\/inicio\/wp-json\/wp\/v2\/tags?post=23070"}],"curies":[{"name":"wp","href":"https:\/\/api.w.org\/{rel}","templated":true}]}}