{"id":22907,"date":"2023-02-15T20:39:54","date_gmt":"2023-02-15T20:39:54","guid":{"rendered":"https:\/\/www.elgrillitosuena.com\/inicio\/?p=22907"},"modified":"2023-02-15T20:39:54","modified_gmt":"2023-02-15T20:39:54","slug":"multas-de-hasta-27-mil-pesos-a-quien-deje-basura-en-la-via-publica","status":"publish","type":"post","link":"https:\/\/www.elgrillitosuena.com\/inicio\/noticias\/uruapan\/multas-de-hasta-27-mil-pesos-a-quien-deje-basura-en-la-via-publica\/","title":{"rendered":"Multas de hasta 27 mil pesos a quien deje basura en la v\u00eda p\u00fablica"},"content":{"rendered":"<p><img decoding=\"async\" loading=\"lazy\" class=\"alignnone  wp-image-22909\" src=\"https:\/\/www.elgrillitosuena.com\/inicio\/wp-content\/uploads\/2023\/02\/a8b64afa-bb8d-4483-a25d-82937854c697-1-300x200.jpg\" alt=\"\" width=\"728\" height=\"485\" srcset=\"https:\/\/www.elgrillitosuena.com\/inicio\/wp-content\/uploads\/2023\/02\/a8b64afa-bb8d-4483-a25d-82937854c697-1-300x200.jpg 300w, https:\/\/www.elgrillitosuena.com\/inicio\/wp-content\/uploads\/2023\/02\/a8b64afa-bb8d-4483-a25d-82937854c697-1-1024x682.jpg 1024w, https:\/\/www.elgrillitosuena.com\/inicio\/wp-content\/uploads\/2023\/02\/a8b64afa-bb8d-4483-a25d-82937854c697-1-768x512.jpg 768w, https:\/\/www.elgrillitosuena.com\/inicio\/wp-content\/uploads\/2023\/02\/a8b64afa-bb8d-4483-a25d-82937854c697-1.jpg 1280w\" sizes=\"(max-width: 728px) 100vw, 728px\" \/><\/p>\n<p>Multas que van desde los 14 mil hasta los 27 mil pesos ser\u00e1n aplicadas a las personas que se sorprendan dejando basura en la v\u00eda p\u00fablica, inform\u00f3 la secretaria de Desarrollo Urbano y Medio Ambiente, Martha Liliana Victoria B\u00e1ez.<\/p>\n<p>La funcionaria mencion\u00f3 que se trata de una medida m\u00e1s para abatir el problema de la basura y responsabilizar a los ciudadanos que todav\u00eda no perciben el da\u00f1o ambiental que causan al realizar esta mala pr\u00e1ctica.<\/p>\n<p>Victoria B\u00e1ez se\u00f1al\u00f3 que, a trav\u00e9s de inspectores de Medio Ambiente, hasta el momento han realizado 120 actas, sanciones e infracciones, por lo que invit\u00f3 a los ciudadanos a trabajar juntos y abstenerse de estas conductas; adem\u00e1s, llam\u00f3 a sacar la basura a la calle hasta que el cami\u00f3n recolector pase por sus colonias.<\/p>\n","protected":false},"excerpt":{"rendered":"<p>Multas que van desde los 14 mil hasta los 27 mil pesos ser\u00e1n aplicadas a las personas que se sorprendan dejando basura en la v\u00eda p\u00fablica, inform\u00f3 la secretaria de Desarrollo Urbano y Medio Ambiente, Martha Liliana Victoria B\u00e1ez. La funcionaria mencion\u00f3 que se trata de una medida m\u00e1s para abatir el problema de la &hellip;<\/p>\n","protected":false},"author":2,"featured_media":22909,"comment_status":"open","ping_status":"closed","sticky":false,"template":"","format":"standard","meta":[],"categories":[37],"tags":[5802,63,5803],"_links":{"self":[{"href":"https:\/\/www.elgrillitosuena.com\/inicio\/wp-json\/wp\/v2\/posts\/22907"}],"collection":[{"href":"https:\/\/www.elgrillitosuena.com\/inicio\/wp-json\/wp\/v2\/posts"}],"about":[{"href":"https:\/\/www.elgrillitosuena.com\/inicio\/wp-json\/wp\/v2\/types\/post"}],"author":[{"embeddable":true,"href":"https:\/\/www.elgrillitosuena.com\/inicio\/wp-json\/wp\/v2\/users\/2"}],"replies":[{"embeddable":true,"href":"https:\/\/www.elgrillitosuena.com\/inicio\/wp-json\/wp\/v2\/comments?post=22907"}],"version-history":[{"count":1,"href":"https:\/\/www.elgrillitosuena.com\/inicio\/wp-json\/wp\/v2\/posts\/22907\/revisions"}],"predecessor-version":[{"id":22910,"href":"https:\/\/www.elgrillitosuena.com\/inicio\/wp-json\/wp\/v2\/posts\/22907\/revisions\/22910"}],"wp:featuredmedia":[{"embeddable":true,"href":"https:\/\/www.elgrillitosuena.com\/inicio\/wp-json\/wp\/v2\/media\/22909"}],"wp:attachment":[{"href":"https:\/\/www.elgrillitosuena.com\/inicio\/wp-json\/wp\/v2\/media?parent=22907"}],"wp:term":[{"taxonomy":"category","embeddable":true,"href":"https:\/\/www.elgrillitosuena.com\/inicio\/wp-json\/wp\/v2\/categories?post=22907"},{"taxonomy":"post_tag","embeddable":true,"href":"https:\/\/www.elgrillitosuena.com\/inicio\/wp-json\/wp\/v2\/tags?post=22907"}],"curies":[{"name":"wp","href":"https:\/\/api.w.org\/{rel}","templated":true}]}}