{"id":2276,"date":"2020-11-02T18:20:05","date_gmt":"2020-11-02T18:20:05","guid":{"rendered":"https:\/\/www.elgrillitosuena.com\/inicio\/?p=2276"},"modified":"2020-11-02T18:22:28","modified_gmt":"2020-11-02T18:22:28","slug":"astrazeneca-apunta-que-a-finales-de-marzo-vacuna-contra-covid-19-estaria-en-fase-avanzada-de-distribucion","status":"publish","type":"post","link":"https:\/\/www.elgrillitosuena.com\/inicio\/noticias\/mundo\/astrazeneca-apunta-que-a-finales-de-marzo-vacuna-contra-covid-19-estaria-en-fase-avanzada-de-distribucion\/","title":{"rendered":"AstraZeneca apunta que a finales de marzo vacuna contra COVID-19 estar\u00eda en \u201cfase avanzada de distribuci\u00f3n\u201d"},"content":{"rendered":"<p><img decoding=\"async\" loading=\"lazy\" class=\"alignnone wp-image-2277\" src=\"https:\/\/www.elgrillitosuena.com\/inicio\/wp-content\/uploads\/2020\/11\/eu-astrazeneca-oxford-ensayos-vacuna-covid-300x155.jpeg\" alt=\"\" width=\"625\" height=\"323\" srcset=\"https:\/\/www.elgrillitosuena.com\/inicio\/wp-content\/uploads\/2020\/11\/eu-astrazeneca-oxford-ensayos-vacuna-covid-300x155.jpeg 300w, https:\/\/www.elgrillitosuena.com\/inicio\/wp-content\/uploads\/2020\/11\/eu-astrazeneca-oxford-ensayos-vacuna-covid-1024x529.jpeg 1024w, https:\/\/www.elgrillitosuena.com\/inicio\/wp-content\/uploads\/2020\/11\/eu-astrazeneca-oxford-ensayos-vacuna-covid-768x397.jpeg 768w, https:\/\/www.elgrillitosuena.com\/inicio\/wp-content\/uploads\/2020\/11\/eu-astrazeneca-oxford-ensayos-vacuna-covid.jpeg 1200w\" sizes=\"(max-width: 625px) 100vw, 625px\" \/><\/p>\n<p>El director del \u00e1rea de Investigaci\u00f3n y Desarrollo de Oncolog\u00eda de la empresa farmac\u00e9utica\u00a0<strong>AstraZeneca<\/strong>,\u00a0<strong>Josep Baselga<\/strong>, asegur\u00f3 este lunes que \u201ca\u00a0<strong>finales<\/strong>\u00a0del\u00a0<strong>primer trimestre<\/strong>\u00a0del a\u00f1o que viene, si todo va bien, las\u00a0<strong>vacunas<\/strong>\u00a0estar\u00e1n en una<strong>\u00a0fase avanzada de distribuci\u00f3n<\/strong>\u201c.<\/p>\n<p>En declaraciones a<strong>\u00a0RAC1<\/strong>,\u00a0<strong>Baselga<\/strong>\u00a0indic\u00f3 que\u00a0<strong>AstraZeneca<\/strong>\u00a0calcul\u00f3 que a principios de\u00a0<strong>2021<\/strong>\u00a0tendr\u00e1 unos tres mil millones de dosis de vacunas que conf\u00eda que se verifiquen efectivas.<\/p>\n<p>Lo \u201ccomplicado\u201d ser\u00e1 dise\u00f1ar c\u00f3mo repartirlas dada la demanda que existir\u00e1, por lo que ha dicho estimar que hasta \u201cfinales del primer trimestre\u201d del a\u00f1o pr\u00f3ximo las vacunas -en caso de funcionar- no estar\u00edan en \u201cfase avanzada de distribuci\u00f3n\u201d.<\/p>\n<p>AstraZeneca espera que antes de finales de a\u00f1o \u201cuna, dos o tres\u201d de las cuatro vacunas con las que est\u00e1 experimentando comiencen a dar \u201cresultados\u201d.<\/p>\n<p><img decoding=\"async\" loading=\"lazy\" class=\"alignnone wp-image-2280\" src=\"https:\/\/www.elgrillitosuena.com\/inicio\/wp-content\/uploads\/2020\/11\/1040a0bbc10816e04d11aa9959d26f30a8f71434_hq-300x165.jpg\" alt=\"\" width=\"618\" height=\"340\" srcset=\"https:\/\/www.elgrillitosuena.com\/inicio\/wp-content\/uploads\/2020\/11\/1040a0bbc10816e04d11aa9959d26f30a8f71434_hq-300x165.jpg 300w, https:\/\/www.elgrillitosuena.com\/inicio\/wp-content\/uploads\/2020\/11\/1040a0bbc10816e04d11aa9959d26f30a8f71434_hq.jpg 465w\" sizes=\"(max-width: 618px) 100vw, 618px\" \/><\/p>\n<p>En el caso de las vacunas de esta empresa la previsi\u00f3n es que se apliquen\u00a0dos dosis: la segunda 28 d\u00edas despu\u00e9s de la primera.<\/p>\n<p>Seg\u00fan apunt\u00f3\u00a0<strong>Baselga<\/strong>, ahora mismo en todo el mundo hay 175 vacunas distintas sobre las que se est\u00e1 trabajando, 35 de ellas en ensayos cl\u00ednicos con enfermos y 10 en su fase final de verificaci\u00f3n.<\/p>\n<div id=\"slotintext-1240513-1\" class=\"intext_ad_txt intext_ad_txt_more\" data-google-query-id=\"CPf107645OwCFYcSPwodiJ4NfA\">\n<div id=\"google_ads_iframe_\/76814929\/ld\/inread-multiple_0__container__\">\n<p>Sin embargo, subray\u00f3 que \u201cla vacuna ayudar\u00e1, pero no es la \u00fanica soluci\u00f3n\u201d, y destac\u00f3 que AstraZeneca est\u00e1 desarrollando tambi\u00e9n un tratamiento por \u201canticuerpos monoclonales\u201d, con el que se aplicar\u00edan anticuerpos de personas que pasaron el virus a potenciales enfermos.<\/p>\n<p>Con informaci\u00f3n de EFE<\/p>\n<\/div>\n<\/div>\n","protected":false},"excerpt":{"rendered":"<p>El director del \u00e1rea de Investigaci\u00f3n y Desarrollo de Oncolog\u00eda de la empresa farmac\u00e9utica\u00a0AstraZeneca,\u00a0Josep Baselga, asegur\u00f3 este lunes que \u201ca\u00a0finales\u00a0del\u00a0primer trimestre\u00a0del a\u00f1o que viene, si todo va bien, las\u00a0vacunas\u00a0estar\u00e1n en una\u00a0fase avanzada de distribuci\u00f3n\u201c. En declaraciones a\u00a0RAC1,\u00a0Baselga\u00a0indic\u00f3 que\u00a0AstraZeneca\u00a0calcul\u00f3 que a principios de\u00a02021\u00a0tendr\u00e1 unos tres mil millones de dosis de vacunas que conf\u00eda que se verifiquen &hellip;<\/p>\n","protected":false},"author":2,"featured_media":2277,"comment_status":"open","ping_status":"closed","sticky":false,"template":"","format":"standard","meta":[],"categories":[40],"tags":[504,61,127],"_links":{"self":[{"href":"https:\/\/www.elgrillitosuena.com\/inicio\/wp-json\/wp\/v2\/posts\/2276"}],"collection":[{"href":"https:\/\/www.elgrillitosuena.com\/inicio\/wp-json\/wp\/v2\/posts"}],"about":[{"href":"https:\/\/www.elgrillitosuena.com\/inicio\/wp-json\/wp\/v2\/types\/post"}],"author":[{"embeddable":true,"href":"https:\/\/www.elgrillitosuena.com\/inicio\/wp-json\/wp\/v2\/users\/2"}],"replies":[{"embeddable":true,"href":"https:\/\/www.elgrillitosuena.com\/inicio\/wp-json\/wp\/v2\/comments?post=2276"}],"version-history":[{"count":2,"href":"https:\/\/www.elgrillitosuena.com\/inicio\/wp-json\/wp\/v2\/posts\/2276\/revisions"}],"predecessor-version":[{"id":2281,"href":"https:\/\/www.elgrillitosuena.com\/inicio\/wp-json\/wp\/v2\/posts\/2276\/revisions\/2281"}],"wp:featuredmedia":[{"embeddable":true,"href":"https:\/\/www.elgrillitosuena.com\/inicio\/wp-json\/wp\/v2\/media\/2277"}],"wp:attachment":[{"href":"https:\/\/www.elgrillitosuena.com\/inicio\/wp-json\/wp\/v2\/media?parent=2276"}],"wp:term":[{"taxonomy":"category","embeddable":true,"href":"https:\/\/www.elgrillitosuena.com\/inicio\/wp-json\/wp\/v2\/categories?post=2276"},{"taxonomy":"post_tag","embeddable":true,"href":"https:\/\/www.elgrillitosuena.com\/inicio\/wp-json\/wp\/v2\/tags?post=2276"}],"curies":[{"name":"wp","href":"https:\/\/api.w.org\/{rel}","templated":true}]}}