{"id":22425,"date":"2022-12-27T19:49:25","date_gmt":"2022-12-27T19:49:25","guid":{"rendered":"https:\/\/www.elgrillitosuena.com\/inicio\/?p=22425"},"modified":"2022-12-27T19:49:25","modified_gmt":"2022-12-27T19:49:25","slug":"alista-las-maletas-lopez-obrador-ya-firmo-el-decreto-de-vacaciones-dignas","status":"publish","type":"post","link":"https:\/\/www.elgrillitosuena.com\/inicio\/noticias\/mexico\/alista-las-maletas-lopez-obrador-ya-firmo-el-decreto-de-vacaciones-dignas\/","title":{"rendered":"\u00a1Alista las maletas! L\u00f3pez Obrador ya firm\u00f3 el decreto de vacaciones dignas"},"content":{"rendered":"<p><img decoding=\"async\" loading=\"lazy\" class=\"alignnone  wp-image-22426\" src=\"https:\/\/www.elgrillitosuena.com\/inicio\/wp-content\/uploads\/2022\/12\/vacaciones-trabajo-shutterstock-e1562030183117-300x205.jpeg\" alt=\"\" width=\"735\" height=\"502\" srcset=\"https:\/\/www.elgrillitosuena.com\/inicio\/wp-content\/uploads\/2022\/12\/vacaciones-trabajo-shutterstock-e1562030183117-300x205.jpeg 300w, https:\/\/www.elgrillitosuena.com\/inicio\/wp-content\/uploads\/2022\/12\/vacaciones-trabajo-shutterstock-e1562030183117-768x525.jpeg 768w, https:\/\/www.elgrillitosuena.com\/inicio\/wp-content\/uploads\/2022\/12\/vacaciones-trabajo-shutterstock-e1562030183117-110x75.jpeg 110w, https:\/\/www.elgrillitosuena.com\/inicio\/wp-content\/uploads\/2022\/12\/vacaciones-trabajo-shutterstock-e1562030183117.jpeg 800w\" sizes=\"(max-width: 735px) 100vw, 735px\" \/><\/p>\n<p>El presidente Andr\u00e9s Manuel L\u00f3pez Obrador dijo en la ma\u00f1anera de hoy 27 de diciembre de 2022 que ya firm\u00f3 el decreto de Vacaciones Dignas y que ser\u00e1 publicado en las pr\u00f3ximas horas con lo que a partir de 2023 todos los trabajadores del sector privado tendr\u00e1n el derecho de descansar 12 d\u00edas continuos.<\/p>\n<p>Durante la conferencia de prensa en Palacio Nacional, el presidente de M\u00e9xico adelant\u00f3 que firm\u00f3 la reforma de ley el lunes y explic\u00f3 la ayuda que da a las empresas para permitir que los empleados puedan tomar 12 d\u00edas de vacaciones continuos.<\/p>\n<blockquote><p>\u201cYa firm\u00e9 el decreto. Hay que trabajar y descansar. Ya saben cu\u00e1l es la recomendaci\u00f3n de San Benito: ocho horas para trabajar, ocho horas para descansar y ocho horas para pensar\u201d, anunci\u00f3 el presidente L\u00f3pez Obrador.<\/p>\n<p>\u201cQue los trabajadores tengan la posibilidad de estar m\u00e1s con sus familias. Ayuda mucho la convivencia familiar, nos afecta la desintegraci\u00f3n de las familias\u201d, agreg\u00f3 el jefe del Ejecutivo.<\/p><\/blockquote>\n<p>El presidente L\u00f3pez Obrador dijo que su gobierno garantiza apoyos a las micro empresas para que puedan dar 12 d\u00edas continuos de vacaciones a sus empleados.<\/p>\n<blockquote><p>\u201cCu\u00e1l es el apoyo, el apoyo es que hay m\u00e1s ventas, hay m\u00e1s utilidad, porque hay crecimiento, cu\u00e1l es el apoyo, el apoyo es que no aumenta el precio de la luz, no aumenta el precio del gas, no aumentan los impuestos, o sea. no es como antes, de haber, hay que apretarnos el cintur\u00f3n\u201d.<\/p><\/blockquote>\n<p>Asegur\u00f3 que si alcanza para pagar las vacaciones y destac\u00f3 que despu\u00e9s del descanso los empleados van a llegar con muchas ganas de trabajar.<\/p>\n<p><strong>\u00bfEn qu\u00e9 consisten las vacaciones dignas?<\/strong><\/p>\n<p>A partir de 2023, los trabajadores tendr\u00e1n derecho a 12 d\u00edas continuos de vacaciones pagadas despu\u00e9s de cumplir el primer a\u00f1o de trabajo, seg\u00fan la ley firmada por el presidente L\u00f3pez Obrador.<\/p>\n<p>Las vacaciones aumentar\u00e1n dos d\u00edas despu\u00e9s de cada a\u00f1o cumplido hasta llegar a un m\u00e1ximo de 20 d\u00edas, lo m\u00ednimo establecido por la Organizaci\u00f3n Mundial del Trabajo.<\/p>\n<ul>\n<li>1 a\u00f1o: 12 d\u00edas<\/li>\n<li>2 a\u00f1os: 14 d\u00edas<\/li>\n<li>3 a\u00f1os: 16 d\u00edas<\/li>\n<li>4 a\u00f1os: 18 d\u00edas<\/li>\n<li>5 a\u00f1os: 20 d\u00edas<\/li>\n<li>6 a 10 a\u00f1os: 22 d\u00edas<\/li>\n<li>11 a 15 a\u00f1os: 24 d\u00edas<\/li>\n<li>16 a 20 a\u00f1os: 26 d\u00edas<\/li>\n<li>21 a 25 a\u00f1os: 28 d\u00edas<\/li>\n<li>26 a 30 a\u00f1os: 30 d\u00edas<\/li>\n<li>31 a 35 a\u00f1os: 32 d\u00edas<\/li>\n<\/ul>\n","protected":false},"excerpt":{"rendered":"<p>El presidente Andr\u00e9s Manuel L\u00f3pez Obrador dijo en la ma\u00f1anera de hoy 27 de diciembre de 2022 que ya firm\u00f3 el decreto de Vacaciones Dignas y que ser\u00e1 publicado en las pr\u00f3ximas horas con lo que a partir de 2023 todos los trabajadores del sector privado tendr\u00e1n el derecho de descansar 12 d\u00edas continuos. Durante &hellip;<\/p>\n","protected":false},"author":2,"featured_media":22426,"comment_status":"open","ping_status":"closed","sticky":false,"template":"","format":"standard","meta":[],"categories":[39],"tags":[98,5688,762],"_links":{"self":[{"href":"https:\/\/www.elgrillitosuena.com\/inicio\/wp-json\/wp\/v2\/posts\/22425"}],"collection":[{"href":"https:\/\/www.elgrillitosuena.com\/inicio\/wp-json\/wp\/v2\/posts"}],"about":[{"href":"https:\/\/www.elgrillitosuena.com\/inicio\/wp-json\/wp\/v2\/types\/post"}],"author":[{"embeddable":true,"href":"https:\/\/www.elgrillitosuena.com\/inicio\/wp-json\/wp\/v2\/users\/2"}],"replies":[{"embeddable":true,"href":"https:\/\/www.elgrillitosuena.com\/inicio\/wp-json\/wp\/v2\/comments?post=22425"}],"version-history":[{"count":1,"href":"https:\/\/www.elgrillitosuena.com\/inicio\/wp-json\/wp\/v2\/posts\/22425\/revisions"}],"predecessor-version":[{"id":22427,"href":"https:\/\/www.elgrillitosuena.com\/inicio\/wp-json\/wp\/v2\/posts\/22425\/revisions\/22427"}],"wp:featuredmedia":[{"embeddable":true,"href":"https:\/\/www.elgrillitosuena.com\/inicio\/wp-json\/wp\/v2\/media\/22426"}],"wp:attachment":[{"href":"https:\/\/www.elgrillitosuena.com\/inicio\/wp-json\/wp\/v2\/media?parent=22425"}],"wp:term":[{"taxonomy":"category","embeddable":true,"href":"https:\/\/www.elgrillitosuena.com\/inicio\/wp-json\/wp\/v2\/categories?post=22425"},{"taxonomy":"post_tag","embeddable":true,"href":"https:\/\/www.elgrillitosuena.com\/inicio\/wp-json\/wp\/v2\/tags?post=22425"}],"curies":[{"name":"wp","href":"https:\/\/api.w.org\/{rel}","templated":true}]}}