{"id":22385,"date":"2022-12-22T19:22:17","date_gmt":"2022-12-22T19:22:17","guid":{"rendered":"https:\/\/www.elgrillitosuena.com\/inicio\/?p=22385"},"modified":"2022-12-22T19:22:17","modified_gmt":"2022-12-22T19:22:17","slug":"la-cineteca-nacional-dedicara-su-proxima-retrospectiva-a-amos-gitai","status":"publish","type":"post","link":"https:\/\/www.elgrillitosuena.com\/inicio\/noticias\/cultura\/la-cineteca-nacional-dedicara-su-proxima-retrospectiva-a-amos-gitai\/","title":{"rendered":"La Cineteca Nacional dedicar\u00e1 su pr\u00f3xima retrospectiva a Amos Gitai"},"content":{"rendered":"<p><img decoding=\"async\" loading=\"lazy\" class=\"alignnone  wp-image-22386\" src=\"https:\/\/www.elgrillitosuena.com\/inicio\/wp-content\/uploads\/2022\/12\/image_large-300x199.jpg\" alt=\"\" width=\"693\" height=\"460\" srcset=\"https:\/\/www.elgrillitosuena.com\/inicio\/wp-content\/uploads\/2022\/12\/image_large-300x199.jpg 300w, https:\/\/www.elgrillitosuena.com\/inicio\/wp-content\/uploads\/2022\/12\/image_large-1024x680.jpg 1024w, https:\/\/www.elgrillitosuena.com\/inicio\/wp-content\/uploads\/2022\/12\/image_large-768x510.jpg 768w, https:\/\/www.elgrillitosuena.com\/inicio\/wp-content\/uploads\/2022\/12\/image_large-310x205.jpg 310w, https:\/\/www.elgrillitosuena.com\/inicio\/wp-content\/uploads\/2022\/12\/image_large.jpg 1117w\" sizes=\"(max-width: 693px) 100vw, 693px\" \/><\/p>\n<p>Probablemente el director israel\u00ed m\u00e1s importante de la actualidad es Amos Gitai. Su cine ha sido lo mismo controvertido como ilustrativo, pues entre los temas que toca est\u00e1n aquellos que m\u00e1s preocupan al Medio Oriente. La guerra, el exilio, la memoria y la identidad han sido abordados en una vasta filmograf\u00eda que comenz\u00f3 en la d\u00e9cada de los ochenta, transitando entre el documental y la ficci\u00f3n de forma exitosa. Como una suerte de ventana hacia el universo f\u00edlmico del realizador, la Cineteca Nacional dedicar\u00e1 su primera retrospectiva del pr\u00f3ximo a\u00f1o a Gitai.<\/p>\n<p>\u201cComo saben, se supone que yo ser\u00eda un arquitecto como mi padre, quien fue estudiante de Ludwig Mies van der Rohe, y Kandinsky y otros, y realiz\u00f3 sus estudios en la escuela Bauhaus. Y por las circunstancias del mundo fue golpeado y arrestado cuando Goebbels tom\u00f3 el poder. Le rompieron los dientes y logr\u00f3 escapar y encontrar su camino hasta ac\u00e1. Cuando muri\u00f3, yo ten\u00eda 19 a\u00f1os, no sab\u00eda qu\u00e9 hacer y decid\u00ed ser arquitecto\u201d, record\u00f3 el cineasta en conferencia virtual.<\/p>\n<p>De modo que la decisi\u00f3n de hacer cine, vista en retrospectiva, fue impulsada por la ausencia de contacto con su progenitor, \u201cpara ser capaz de hablar con mi padre muerto\u201d, admiti\u00f3 Gitai. El israel\u00ed sigui\u00f3 estudiando hasta conseguir los m\u00e1s altos grados acad\u00e9micos en arquitectura, y al terminar, probablemente impulsado por sus experiencias en la guerra de de Yom Kipur, \u201cdecid\u00ed hacer algo m\u00e1s y hablar del destino de mi pa\u00eds\u201d, sostuvo.<\/p>\n<p>El compromiso con su entorno y su labor en el cine han estado ligados desde que apareci\u00f3 su primera pel\u00edcula, el documental House, que se centra en unos canteros palestinos que trabajan en una casa de piedra en Jerusal\u00e9n, as\u00ed como en sus m\u00faltiples y cambiantes ocupantes y la relaci\u00f3n simb\u00f3lica con el espacio. \u201cCreo que Israel se merece un cine fuerte, y uno que se comprometa con la realidad. Esta fue mi idea desde el principio\u201d, aclar\u00f3 el realizador, \u201cpor eso la historia de la guerra, la religi\u00f3n, el racismo, son temas de mi cine\u201d.<\/p>\n<p>Gitai tiene una relaci\u00f3n similar como espectador de la cinematograf\u00eda de otras personas y lugares, la misma con la que observa su quehacer desde hace m\u00e1s de cuarenta a\u00f1os. \u201cEl cine es un medio muy fuerte para entender a otro pa\u00eds. Y para ser honesto, me gusta seguir a cineastas en quienes conf\u00edo. Incluso m\u00e1s que las pel\u00edculas por separado\u201d, dijo. Realizadores como el iran\u00ed Abbas Kiarostami, el alem\u00e1n Rainer Werner Fassbinder, o los italianos Roberto Rossellini y Pier Paolo Pasolini son mencionados como algunos de aquellos en quienes el israel\u00ed conf\u00eda para encontrar una lectura de otras sociedades.<\/p>\n<p>\u201cCreo que el rol de un buen cineasta es interpretar una realidad muy compleja para nosotros, el p\u00fablico, que no necesariamente es consciente de todas las contradicciones que existen\u201d, puntualiz\u00f3 Amos.<\/p>\n<p>A pesar de habitar en una regi\u00f3n llena de conflictos, Amos ha centrado su inter\u00e9s m\u00e1s en c\u00f3mo hace su cine que en lo complicado de hacerlo hablando desde el Medio Oriente. \u201cEl punto con el cine siempre es la relaci\u00f3n entre forma y narrativa. As\u00ed que la dificultad de contar cine, es contar ambas. Pero no de una forma did\u00e1ctica, no de la forma en que Michael Moore presiona al espectador con sus ideas, sino dejando interpretar. No creo que se trate de la regi\u00f3n, creo que eso es en general con el buen cine\u201d, se\u00f1al\u00f3.<\/p>\n<p>\u201cSiempre tienes que estar consciente de la cuesti\u00f3n de la forma, y la relaci\u00f3n entre la forma y la narrativa; y creo que ese es mi tipo de cine. Incluso en esta regi\u00f3n que est\u00e1 llena de tensiones, malinterpretaciones y malas lecturas, ese es el tipo de cine que me gusta hacer\u201d, abund\u00f3 el realizador.<\/p>\n<p>M\u00e1s que un cineasta que hace documental o ficci\u00f3n, Amos tiene una relaci\u00f3n amplia y abierta con el arte. \u201cCreo que ambos son buenos medios, el documental y la ficci\u00f3n. Tambi\u00e9n hago teatro, exhibiciones, as\u00ed que realmente me siento libre de moverme en diferentes medios, y eso es lo que he disfrutado hacer en los pasados a\u00f1os\u201d, detall\u00f3.<\/p>\n<p>Aunque el proyecto de una retrospectiva dedicada al realizador israel\u00ed inici\u00f3 en 2018, cuando el director de programaci\u00f3n de la Cineteca, Nelson Carro, y Amos Gitai se encontraron en la cafeter\u00eda 8 1\u20442 del recinto cinematogr\u00e1fico; la disponibilidad de los t\u00edtulos y la propia agenda del director complicaron la tarea. Tiempo despu\u00e9s, la distribuidora Sofa Digital adquiri\u00f3 los derechos de 25 t\u00edtulos para su exhibici\u00f3n en Latinoam\u00e9rica, y la instituci\u00f3n p\u00fablica mexicana colabor\u00f3 realizando los subt\u00edtulos.<\/p>\n<p>La espera tambi\u00e9n ha permitido que Gitai pueda viajar a M\u00e9xico para la inauguraci\u00f3n de su retrospectiva. \u201cPara la Cineteca Nacional es muy importante poner al p\u00fablico en contacto, no s\u00f3lo con las pel\u00edculas, sino tambi\u00e9n con los creadores. Y Amos Gitai es realmente uno de los grandes creadores del cine\u201d, detall\u00f3 el director de programaci\u00f3n.<\/p>\n<p>La retrospectiva sobre el cine de Amos Gitai estar\u00e1 en la Cineteca Nacional a partir del 17 de enero, y se prolongar\u00e1 hasta un mes. Los 25 t\u00edtulos que estar\u00e1n disponibles ser\u00e1n proyectados dos veces cada uno, mientras que los m\u00e1s recientes como Laila in Haifa, A Tramway in Jerusalem o Rabin, The Last Day se estrenar\u00e1n m\u00e1s adelante en las salas del recinto.<\/p>\n<p>\u201cEsta es la magia del cine, que puede viajar por diferentes pa\u00edses, encontrarte a diversas personas, decir muchas cosas; y creo que este gesto me conmueve mucho\u201d, celebr\u00f3 Amos.<\/p>\n","protected":false},"excerpt":{"rendered":"<p>Probablemente el director israel\u00ed m\u00e1s importante de la actualidad es Amos Gitai. Su cine ha sido lo mismo controvertido como ilustrativo, pues entre los temas que toca est\u00e1n aquellos que m\u00e1s preocupan al Medio Oriente. La guerra, el exilio, la memoria y la identidad han sido abordados en una vasta filmograf\u00eda que comenz\u00f3 en la &hellip;<\/p>\n","protected":false},"author":2,"featured_media":22386,"comment_status":"open","ping_status":"closed","sticky":false,"template":"","format":"standard","meta":[],"categories":[43],"tags":[5677,113,805],"_links":{"self":[{"href":"https:\/\/www.elgrillitosuena.com\/inicio\/wp-json\/wp\/v2\/posts\/22385"}],"collection":[{"href":"https:\/\/www.elgrillitosuena.com\/inicio\/wp-json\/wp\/v2\/posts"}],"about":[{"href":"https:\/\/www.elgrillitosuena.com\/inicio\/wp-json\/wp\/v2\/types\/post"}],"author":[{"embeddable":true,"href":"https:\/\/www.elgrillitosuena.com\/inicio\/wp-json\/wp\/v2\/users\/2"}],"replies":[{"embeddable":true,"href":"https:\/\/www.elgrillitosuena.com\/inicio\/wp-json\/wp\/v2\/comments?post=22385"}],"version-history":[{"count":1,"href":"https:\/\/www.elgrillitosuena.com\/inicio\/wp-json\/wp\/v2\/posts\/22385\/revisions"}],"predecessor-version":[{"id":22387,"href":"https:\/\/www.elgrillitosuena.com\/inicio\/wp-json\/wp\/v2\/posts\/22385\/revisions\/22387"}],"wp:featuredmedia":[{"embeddable":true,"href":"https:\/\/www.elgrillitosuena.com\/inicio\/wp-json\/wp\/v2\/media\/22386"}],"wp:attachment":[{"href":"https:\/\/www.elgrillitosuena.com\/inicio\/wp-json\/wp\/v2\/media?parent=22385"}],"wp:term":[{"taxonomy":"category","embeddable":true,"href":"https:\/\/www.elgrillitosuena.com\/inicio\/wp-json\/wp\/v2\/categories?post=22385"},{"taxonomy":"post_tag","embeddable":true,"href":"https:\/\/www.elgrillitosuena.com\/inicio\/wp-json\/wp\/v2\/tags?post=22385"}],"curies":[{"name":"wp","href":"https:\/\/api.w.org\/{rel}","templated":true}]}}