{"id":22261,"date":"2022-12-16T19:03:52","date_gmt":"2022-12-16T19:03:52","guid":{"rendered":"https:\/\/www.elgrillitosuena.com\/inicio\/?p=22261"},"modified":"2022-12-16T19:03:52","modified_gmt":"2022-12-16T19:03:52","slug":"atacantes-de-ciro-gomez-leyva-habrian-huido-al-edomex-ya-lo-venian-siguiendo","status":"publish","type":"post","link":"https:\/\/www.elgrillitosuena.com\/inicio\/noticias\/mexico\/atacantes-de-ciro-gomez-leyva-habrian-huido-al-edomex-ya-lo-venian-siguiendo\/","title":{"rendered":"Atacantes de Ciro G\u00f3mez Leyva habr\u00edan huido al Edomex; &#8220;ya lo ven\u00edan siguiendo&#8221;"},"content":{"rendered":"<p><img decoding=\"async\" loading=\"lazy\" class=\"alignnone  wp-image-22262\" src=\"https:\/\/www.elgrillitosuena.com\/inicio\/wp-content\/uploads\/2022\/12\/Ciro-G\u00f3mez-Leyva-300x187.jpg\" alt=\"\" width=\"711\" height=\"443\" srcset=\"https:\/\/www.elgrillitosuena.com\/inicio\/wp-content\/uploads\/2022\/12\/Ciro-G\u00f3mez-Leyva-300x187.jpg 300w, https:\/\/www.elgrillitosuena.com\/inicio\/wp-content\/uploads\/2022\/12\/Ciro-G\u00f3mez-Leyva-1024x640.jpg 1024w, https:\/\/www.elgrillitosuena.com\/inicio\/wp-content\/uploads\/2022\/12\/Ciro-G\u00f3mez-Leyva-768x480.jpg 768w, https:\/\/www.elgrillitosuena.com\/inicio\/wp-content\/uploads\/2022\/12\/Ciro-G\u00f3mez-Leyva.jpg 1140w\" sizes=\"(max-width: 711px) 100vw, 711px\" \/><\/p>\n<p>Los sujetos que atentaron contra el periodista Ciro G\u00f3mez Leyva habr\u00edan huido hacia el Estado de M\u00e9xico, inform\u00f3 Omar Garc\u00eda Harfuch, titular de la Secretar\u00eda de Seguridad Ciudad (SSC) de la Ciudad de M\u00e9xico.<\/p>\n<p>En conferencia de prensa, junto con la jefa de Gobierno, Claudia Sheinbaum, el titular de la polic\u00eda capitalina se\u00f1al\u00f3 que los responsables viajaban a bordo de un veh\u00edculo color negro y una motocicleta negra con naranja, tripulada por dos personas.<\/p>\n<p>Los hechos ocurrieron en la colonia Florida, alcald\u00eda \u00c1lvaro Obreg\u00f3n, cuando el periodista tripulaba una camioneta propiedad de la empresa. En el lugar se recuperaron al menos dos casquillos percutidos. &#8220;Es evidente que hay m\u00e1s&#8221;,agreg\u00f3.<\/p>\n<p>Detall\u00f3 que se pudo verificar que la motocicleta ya ven\u00eda siguiendo a G\u00f3mez Leyva desde su salida de las instalaciones de Grupo Imagen.<\/p>\n<p>De acuerdo con c\u00e1maras de videovigilancia, a las 11:02 horas se observa el paso de la camioneta sobre avenida Universidad y metros atr\u00e1s se puede ver nuevamente un veh\u00edculo que posiblemente va siguiendo al periodista.<\/p>\n<p>La agresi\u00f3n ocurri\u00f3 a las 11:10 de la noche, por parte de los tripulantes de la motocicleta mencionada. Despu\u00e9s del atentado, a las 11:12 horas se observa el paso de la motocicleta sobre avenida Insurgentes al norteen Barranca del Muerto y Parroquia. A las 11:18 se observa sobre Eje 8 Sur entre Coyoac\u00e1n y Amores.<\/p>\n<p>El seguimiento nos permiti\u00f3 ubicar la unidad hasta cruzar el per\u00edmetro del Estado de M\u00e9xico, donde continuamos trabajando ya en coordinaci\u00f3n con las autoridades de dicha entidad&#8221;.<\/p>\n<p>Dijo que el copiloto de la motocicleta fue quien efectu\u00f3 los disparos y m\u00e1s que un hecho aislado, se trata de un ataque directo &#8220;hablamos de un hecho espec\u00edfico y concreto, en contra de \u00e9l, de atentar en contra de su vida&#8221;.<\/p>\n<p>Las autoridades informaron que se abri\u00f3 una carpeta de investigaci\u00f3n por el delito de tentativa de homicidio.<\/p>\n<p>Se dio a conocer que en el lugar de los hechos se encontraron dos casquillos percutidos.<\/p>\n<p>Mencionaron que para no entorpecer las investigaciones se reservar\u00e1n detalles de la misma y conforme se tengan avances se ir\u00e1n dando a conocer.<\/p>\n<p>Queremos que la ciudadan\u00eda y en general y tambi\u00e9n todos los periodistas sepan que vamos a disponer de todas nuestras capacidades operativas de investigaci\u00f3n para detener a los responsables de este lamentable y cobarde hecho&#8221;, expres\u00f3 Garc\u00eda Harfuch.<\/p>\n<p>Como ya lo mencion\u00f3 la doctora Sheinbaum, pedimos su apoyo y comprensi\u00f3n para mantener en secrec\u00eda la mayor cantidad de datos posibles de esta investigaci\u00f3n, tenemos muchos datos reservados, pero los avances los iremos compartiendo ya estamos trabajando en conjunto con la Fiscal\u00eda General de Justicia del Estado de M\u00e9xico y obviamente con la Fiscal\u00eda General de Justicia de la Ciudad de M\u00e9xico, donde ayer se inici\u00f3 la carpeta de investigaci\u00f3n pr\u00e1cticamente de manera inmediata&#8221;.<\/p>\n<p>Por su parte, la jefa de Gobierno, Claudia Sheinbaum conden\u00f3 el atentado que sufri\u00f3 la noche de este jueves el periodista Ciro G\u00f3mez Leyva.<\/p>\n<p>Condenamos el atentado a la vida del periodista, l\u00edder de opini\u00f3n Ciro G\u00f3mez Leyva. Estuvimos en contacto con \u00e9l, nuestra solidaridad y apoyo, y por supuesto que vamos a estar pendientes de \u00e9l y su familia para que reciba la protecci\u00f3n del Gobierno de la Ciudad&#8221;.<\/p>\n<p>La mandataria capitalina indic\u00f3 que la Fiscal\u00eda General de Justicia capitalina ya realiza las investigaciones correspondientes para determinar el m\u00f3vil de esta agresi\u00f3n y detener a los responsables.<\/p>\n","protected":false},"excerpt":{"rendered":"<p>Los sujetos que atentaron contra el periodista Ciro G\u00f3mez Leyva habr\u00edan huido hacia el Estado de M\u00e9xico, inform\u00f3 Omar Garc\u00eda Harfuch, titular de la Secretar\u00eda de Seguridad Ciudad (SSC) de la Ciudad de M\u00e9xico. En conferencia de prensa, junto con la jefa de Gobierno, Claudia Sheinbaum, el titular de la polic\u00eda capitalina se\u00f1al\u00f3 que los &hellip;<\/p>\n","protected":false},"author":3,"featured_media":22262,"comment_status":"open","ping_status":"closed","sticky":false,"template":"","format":"standard","meta":[],"categories":[39],"tags":[74,5652,4380,5653],"_links":{"self":[{"href":"https:\/\/www.elgrillitosuena.com\/inicio\/wp-json\/wp\/v2\/posts\/22261"}],"collection":[{"href":"https:\/\/www.elgrillitosuena.com\/inicio\/wp-json\/wp\/v2\/posts"}],"about":[{"href":"https:\/\/www.elgrillitosuena.com\/inicio\/wp-json\/wp\/v2\/types\/post"}],"author":[{"embeddable":true,"href":"https:\/\/www.elgrillitosuena.com\/inicio\/wp-json\/wp\/v2\/users\/3"}],"replies":[{"embeddable":true,"href":"https:\/\/www.elgrillitosuena.com\/inicio\/wp-json\/wp\/v2\/comments?post=22261"}],"version-history":[{"count":1,"href":"https:\/\/www.elgrillitosuena.com\/inicio\/wp-json\/wp\/v2\/posts\/22261\/revisions"}],"predecessor-version":[{"id":22263,"href":"https:\/\/www.elgrillitosuena.com\/inicio\/wp-json\/wp\/v2\/posts\/22261\/revisions\/22263"}],"wp:featuredmedia":[{"embeddable":true,"href":"https:\/\/www.elgrillitosuena.com\/inicio\/wp-json\/wp\/v2\/media\/22262"}],"wp:attachment":[{"href":"https:\/\/www.elgrillitosuena.com\/inicio\/wp-json\/wp\/v2\/media?parent=22261"}],"wp:term":[{"taxonomy":"category","embeddable":true,"href":"https:\/\/www.elgrillitosuena.com\/inicio\/wp-json\/wp\/v2\/categories?post=22261"},{"taxonomy":"post_tag","embeddable":true,"href":"https:\/\/www.elgrillitosuena.com\/inicio\/wp-json\/wp\/v2\/tags?post=22261"}],"curies":[{"name":"wp","href":"https:\/\/api.w.org\/{rel}","templated":true}]}}