{"id":22013,"date":"2022-11-29T20:24:45","date_gmt":"2022-11-29T20:24:45","guid":{"rendered":"https:\/\/www.elgrillitosuena.com\/inicio\/?p=22013"},"modified":"2022-11-29T20:24:45","modified_gmt":"2022-11-29T20:24:45","slug":"la-barbie-sigue-bajo-custodia-en-eu-nos-dijo-embajada-ebrard","status":"publish","type":"post","link":"https:\/\/www.elgrillitosuena.com\/inicio\/noticias\/mexico\/la-barbie-sigue-bajo-custodia-en-eu-nos-dijo-embajada-ebrard\/","title":{"rendered":"&#8216;La Barbie&#8217; sigue bajo custodia en EU, &#8220;nos dijo embajada&#8221;: Ebrard"},"content":{"rendered":"<p><img decoding=\"async\" loading=\"lazy\" class=\"alignnone  wp-image-22014\" src=\"https:\/\/www.elgrillitosuena.com\/inicio\/wp-content\/uploads\/2022\/11\/CKLVEWOKJKS3J3GDG7AE4EBUAI-300x169.jpg\" alt=\"\" width=\"701\" height=\"395\" srcset=\"https:\/\/www.elgrillitosuena.com\/inicio\/wp-content\/uploads\/2022\/11\/CKLVEWOKJKS3J3GDG7AE4EBUAI-300x169.jpg 300w, https:\/\/www.elgrillitosuena.com\/inicio\/wp-content\/uploads\/2022\/11\/CKLVEWOKJKS3J3GDG7AE4EBUAI-1024x576.jpg 1024w, https:\/\/www.elgrillitosuena.com\/inicio\/wp-content\/uploads\/2022\/11\/CKLVEWOKJKS3J3GDG7AE4EBUAI-768x432.jpg 768w, https:\/\/www.elgrillitosuena.com\/inicio\/wp-content\/uploads\/2022\/11\/CKLVEWOKJKS3J3GDG7AE4EBUAI-1536x864.jpg 1536w, https:\/\/www.elgrillitosuena.com\/inicio\/wp-content\/uploads\/2022\/11\/CKLVEWOKJKS3J3GDG7AE4EBUAI.jpg 1960w\" sizes=\"(max-width: 701px) 100vw, 701px\" \/><\/p>\n<p>\u00c9dgar Valdez Villareal, La Barbie, sigue bajo custodia en Estados Unidos, dijo el canciller Marcelo Ebrard que le confirm\u00f3 la embajada estadunidense, aunque est\u00e1n a la espera de la informaci\u00f3n que solicitaron tras los reportes de prensa de que hab\u00eda sido liberado.<\/p>\n<p>\u201cDe La Barbie todav\u00eda no tengo confirmaci\u00f3n de que haya sido puesto en libertad, es decir, sigue bajo custodia, pero no nos han dado detalle de qu\u00e9 es lo que sigue. Nos dijo la embajada de Estados Unidos que sigue bajo custodia, vamos a ver si es as\u00ed o no, eso fue hoy temprano\u201d, dijo el canciller ante medios en Tijuana.<\/p>\n<p>Entrevistado al t\u00e9rmino de la inauguraci\u00f3n de la oficina de expedici\u00f3n de pasaportes en el Aeropuerto Internacional de Tijuana, Baja California, el funcionario se\u00f1al\u00f3 que desde anoche mantienen comunicaci\u00f3n permanente con el embajador Ken Salazar sobre la situaci\u00f3n jur\u00eddica de quien fuera el jefe de sicarios del c\u00e1rtel de los Beltr\u00e1n Leyva.<\/p>\n<p>\u00c9dgar Valdez Villareal cumple una condena de 49 a\u00f1os en una prisi\u00f3n de m\u00e1xima seguridad en Florida, Estados Unidos, por tr\u00e1fico de drogas y lavado de dinero. Ayer se revel\u00f3 que dej\u00f3 de estar bajo custodia de la Agencia Federal de Prisiones.<\/p>\n","protected":false},"excerpt":{"rendered":"<p>\u00c9dgar Valdez Villareal, La Barbie, sigue bajo custodia en Estados Unidos, dijo el canciller Marcelo Ebrard que le confirm\u00f3 la embajada estadunidense, aunque est\u00e1n a la espera de la informaci\u00f3n que solicitaron tras los reportes de prensa de que hab\u00eda sido liberado. \u201cDe La Barbie todav\u00eda no tengo confirmaci\u00f3n de que haya sido puesto en &hellip;<\/p>\n","protected":false},"author":2,"featured_media":22014,"comment_status":"open","ping_status":"closed","sticky":false,"template":"","format":"standard","meta":[],"categories":[39],"tags":[5590,230,5589,245,156],"_links":{"self":[{"href":"https:\/\/www.elgrillitosuena.com\/inicio\/wp-json\/wp\/v2\/posts\/22013"}],"collection":[{"href":"https:\/\/www.elgrillitosuena.com\/inicio\/wp-json\/wp\/v2\/posts"}],"about":[{"href":"https:\/\/www.elgrillitosuena.com\/inicio\/wp-json\/wp\/v2\/types\/post"}],"author":[{"embeddable":true,"href":"https:\/\/www.elgrillitosuena.com\/inicio\/wp-json\/wp\/v2\/users\/2"}],"replies":[{"embeddable":true,"href":"https:\/\/www.elgrillitosuena.com\/inicio\/wp-json\/wp\/v2\/comments?post=22013"}],"version-history":[{"count":1,"href":"https:\/\/www.elgrillitosuena.com\/inicio\/wp-json\/wp\/v2\/posts\/22013\/revisions"}],"predecessor-version":[{"id":22015,"href":"https:\/\/www.elgrillitosuena.com\/inicio\/wp-json\/wp\/v2\/posts\/22013\/revisions\/22015"}],"wp:featuredmedia":[{"embeddable":true,"href":"https:\/\/www.elgrillitosuena.com\/inicio\/wp-json\/wp\/v2\/media\/22014"}],"wp:attachment":[{"href":"https:\/\/www.elgrillitosuena.com\/inicio\/wp-json\/wp\/v2\/media?parent=22013"}],"wp:term":[{"taxonomy":"category","embeddable":true,"href":"https:\/\/www.elgrillitosuena.com\/inicio\/wp-json\/wp\/v2\/categories?post=22013"},{"taxonomy":"post_tag","embeddable":true,"href":"https:\/\/www.elgrillitosuena.com\/inicio\/wp-json\/wp\/v2\/tags?post=22013"}],"curies":[{"name":"wp","href":"https:\/\/api.w.org\/{rel}","templated":true}]}}