{"id":21992,"date":"2022-11-18T15:27:32","date_gmt":"2022-11-18T15:27:32","guid":{"rendered":"https:\/\/www.elgrillitosuena.com\/inicio\/?p=21992"},"modified":"2022-11-22T20:29:47","modified_gmt":"2022-11-22T20:29:47","slug":"abren-convocatoria-para-diplomado-en-lengua-y-cultura-purepecha-recobrar-la-lengua-y-cultura-purepecha-objetivo-del-sistema-educativo","status":"publish","type":"post","link":"https:\/\/www.elgrillitosuena.com\/inicio\/noticias\/uruapan\/abren-convocatoria-para-diplomado-en-lengua-y-cultura-purepecha-recobrar-la-lengua-y-cultura-purepecha-objetivo-del-sistema-educativo\/","title":{"rendered":"Abren convocatoria para diplomado en lengua y cultura pur\u00e9pecha Recobrar la lengua y cultura pur\u00e9pecha, objetivo del sistema educativo"},"content":{"rendered":"<p><img decoding=\"async\" loading=\"lazy\" class=\"alignnone  wp-image-21993\" src=\"https:\/\/www.elgrillitosuena.com\/inicio\/wp-content\/uploads\/2022\/11\/f1d3e530-91a2-4b45-9233-8ec2f6f5eb04-300x200.jpg\" alt=\"\" width=\"743\" height=\"495\" srcset=\"https:\/\/www.elgrillitosuena.com\/inicio\/wp-content\/uploads\/2022\/11\/f1d3e530-91a2-4b45-9233-8ec2f6f5eb04-300x200.jpg 300w, https:\/\/www.elgrillitosuena.com\/inicio\/wp-content\/uploads\/2022\/11\/f1d3e530-91a2-4b45-9233-8ec2f6f5eb04-1024x683.jpg 1024w, https:\/\/www.elgrillitosuena.com\/inicio\/wp-content\/uploads\/2022\/11\/f1d3e530-91a2-4b45-9233-8ec2f6f5eb04-768x512.jpg 768w, https:\/\/www.elgrillitosuena.com\/inicio\/wp-content\/uploads\/2022\/11\/f1d3e530-91a2-4b45-9233-8ec2f6f5eb04.jpg 1280w\" sizes=\"(max-width: 743px) 100vw, 743px\" \/><\/p>\n<p>En rueda de prensa, autoridades municipales dieron a conocer las bases y requisitos para participar en el primer diplomado en lengua y cultura pur\u00e9pecha que el Gobierno Municipal, en coordinaci\u00f3n con la Universidad Intercultural Ind\u00edgena de Michoac\u00e1n (UIIM), impartir\u00e1 de manera gratuita del 26 de noviembre del 2022 a junio del 2023.<\/p>\n<p>Francisco M\u00e1rquez Tinoco, rector de la UIIM, mencion\u00f3 que la convocatoria se encuentra abierta para todas las personas que quieran participar en el diplomado, que constar\u00e1 de 120 horas de trabajo te\u00f3rico y pr\u00e1ctico dividido en cinco m\u00f3dulos, todos ellos enfocados exclusivamente en la filosof\u00eda y fonolog\u00eda de la lengua, escritura y cultura pur\u00e9pecha, las inscripciones est\u00e1n abiertas en las oficinas de la Direcci\u00f3n de Asuntos Ind\u00edgenas, ubicadas en Colima #9, colonia Ram\u00f3n Far\u00edas.<\/p>\n<p>Por su parte, Jos\u00e9 Luis Rangel Rangel, regidor titular de la Comisi\u00f3n de Asuntos Ind\u00edgenas, en representaci\u00f3n del presidente municipal, Nacho Campos, destac\u00f3 la importancia de este diplomado, que adem\u00e1s de contar con validez oficial de la UIIM, ayudar\u00e1 a rescatar la lengua pur\u00e9pecha. Mencion\u00f3 que es vital hacer esfuerzos para conservar esta lengua que es parte de la identidad, de la cultura y de la tradici\u00f3n de todas las comunidades de nuestro municipio.<\/p>\n","protected":false},"excerpt":{"rendered":"<p>En rueda de prensa, autoridades municipales dieron a conocer las bases y requisitos para participar en el primer diplomado en lengua y cultura pur\u00e9pecha que el Gobierno Municipal, en coordinaci\u00f3n con la Universidad Intercultural Ind\u00edgena de Michoac\u00e1n (UIIM), impartir\u00e1 de manera gratuita del 26 de noviembre del 2022 a junio del 2023. Francisco M\u00e1rquez Tinoco, &hellip;<\/p>\n","protected":false},"author":2,"featured_media":21993,"comment_status":"open","ping_status":"closed","sticky":false,"template":"","format":"standard","meta":[],"categories":[37],"tags":[903,4728,5584],"_links":{"self":[{"href":"https:\/\/www.elgrillitosuena.com\/inicio\/wp-json\/wp\/v2\/posts\/21992"}],"collection":[{"href":"https:\/\/www.elgrillitosuena.com\/inicio\/wp-json\/wp\/v2\/posts"}],"about":[{"href":"https:\/\/www.elgrillitosuena.com\/inicio\/wp-json\/wp\/v2\/types\/post"}],"author":[{"embeddable":true,"href":"https:\/\/www.elgrillitosuena.com\/inicio\/wp-json\/wp\/v2\/users\/2"}],"replies":[{"embeddable":true,"href":"https:\/\/www.elgrillitosuena.com\/inicio\/wp-json\/wp\/v2\/comments?post=21992"}],"version-history":[{"count":1,"href":"https:\/\/www.elgrillitosuena.com\/inicio\/wp-json\/wp\/v2\/posts\/21992\/revisions"}],"predecessor-version":[{"id":21994,"href":"https:\/\/www.elgrillitosuena.com\/inicio\/wp-json\/wp\/v2\/posts\/21992\/revisions\/21994"}],"wp:featuredmedia":[{"embeddable":true,"href":"https:\/\/www.elgrillitosuena.com\/inicio\/wp-json\/wp\/v2\/media\/21993"}],"wp:attachment":[{"href":"https:\/\/www.elgrillitosuena.com\/inicio\/wp-json\/wp\/v2\/media?parent=21992"}],"wp:term":[{"taxonomy":"category","embeddable":true,"href":"https:\/\/www.elgrillitosuena.com\/inicio\/wp-json\/wp\/v2\/categories?post=21992"},{"taxonomy":"post_tag","embeddable":true,"href":"https:\/\/www.elgrillitosuena.com\/inicio\/wp-json\/wp\/v2\/tags?post=21992"}],"curies":[{"name":"wp","href":"https:\/\/api.w.org\/{rel}","templated":true}]}}