{"id":21986,"date":"2022-11-21T10:23:17","date_gmt":"2022-11-21T10:23:17","guid":{"rendered":"https:\/\/www.elgrillitosuena.com\/inicio\/?p=21986"},"modified":"2022-11-22T20:25:31","modified_gmt":"2022-11-22T20:25:31","slug":"la-revolucion-mexicana-parte-fundamental-de-la-transformacion-nacho-campos","status":"publish","type":"post","link":"https:\/\/www.elgrillitosuena.com\/inicio\/noticias\/uruapan\/la-revolucion-mexicana-parte-fundamental-de-la-transformacion-nacho-campos\/","title":{"rendered":"La Revoluci\u00f3n Mexicana, parte fundamental de la transformaci\u00f3n: Nacho Campos"},"content":{"rendered":"<p><img decoding=\"async\" loading=\"lazy\" class=\"alignnone  wp-image-21987\" src=\"https:\/\/www.elgrillitosuena.com\/inicio\/wp-content\/uploads\/2022\/11\/f3106183-a2b7-407e-ae95-548add738933-300x169.jpg\" alt=\"\" width=\"747\" height=\"421\" srcset=\"https:\/\/www.elgrillitosuena.com\/inicio\/wp-content\/uploads\/2022\/11\/f3106183-a2b7-407e-ae95-548add738933-300x169.jpg 300w, https:\/\/www.elgrillitosuena.com\/inicio\/wp-content\/uploads\/2022\/11\/f3106183-a2b7-407e-ae95-548add738933-768x433.jpg 768w, https:\/\/www.elgrillitosuena.com\/inicio\/wp-content\/uploads\/2022\/11\/f3106183-a2b7-407e-ae95-548add738933.jpg 1024w\" sizes=\"(max-width: 747px) 100vw, 747px\" \/><\/p>\n<p>Es importante continuar la lucha que emprendi\u00f3 el pueblo de M\u00e9xico, liderados por Francisco Villa, Venustiano Carranza y otros personajes de la Revoluci\u00f3n Mexicana, a fin de alcanzar los ideales de justicia, igualdad y democracia, recalc\u00f3 Ignacio Campos, al presidir el acto c\u00edvico por el 112 aniversario del inicio de la Revoluci\u00f3n Mexicana.<\/p>\n<p>Campos Equihua opin\u00f3 que para la 4T es importante darle seguimiento al gran esfuerzo que comenz\u00f3 hace m\u00e1s de un siglo, tras derrocar el r\u00e9gimen de Porfirio D\u00edaz.<\/p>\n<p>En ese mismo sentido se pronunci\u00f3 Jos\u00e9 Querea Toral, director de la escuela secundaria t\u00e9cnica 30 M\u00e1rtires de<\/p>\n<p>Uruapan (ETI 30), quien al dar el discurso oficial se\u00f1al\u00f3 que la Revoluci\u00f3n Mexicana mantiene vivo su impulso, a trav\u00e9s del movimiento transformador de M\u00e9xico.<\/p>\n","protected":false},"excerpt":{"rendered":"<p>Es importante continuar la lucha que emprendi\u00f3 el pueblo de M\u00e9xico, liderados por Francisco Villa, Venustiano Carranza y otros personajes de la Revoluci\u00f3n Mexicana, a fin de alcanzar los ideales de justicia, igualdad y democracia, recalc\u00f3 Ignacio Campos, al presidir el acto c\u00edvico por el 112 aniversario del inicio de la Revoluci\u00f3n Mexicana. Campos Equihua &hellip;<\/p>\n","protected":false},"author":2,"featured_media":21987,"comment_status":"open","ping_status":"closed","sticky":false,"template":"","format":"standard","meta":[],"categories":[37],"tags":[1588,594,63],"_links":{"self":[{"href":"https:\/\/www.elgrillitosuena.com\/inicio\/wp-json\/wp\/v2\/posts\/21986"}],"collection":[{"href":"https:\/\/www.elgrillitosuena.com\/inicio\/wp-json\/wp\/v2\/posts"}],"about":[{"href":"https:\/\/www.elgrillitosuena.com\/inicio\/wp-json\/wp\/v2\/types\/post"}],"author":[{"embeddable":true,"href":"https:\/\/www.elgrillitosuena.com\/inicio\/wp-json\/wp\/v2\/users\/2"}],"replies":[{"embeddable":true,"href":"https:\/\/www.elgrillitosuena.com\/inicio\/wp-json\/wp\/v2\/comments?post=21986"}],"version-history":[{"count":1,"href":"https:\/\/www.elgrillitosuena.com\/inicio\/wp-json\/wp\/v2\/posts\/21986\/revisions"}],"predecessor-version":[{"id":21988,"href":"https:\/\/www.elgrillitosuena.com\/inicio\/wp-json\/wp\/v2\/posts\/21986\/revisions\/21988"}],"wp:featuredmedia":[{"embeddable":true,"href":"https:\/\/www.elgrillitosuena.com\/inicio\/wp-json\/wp\/v2\/media\/21987"}],"wp:attachment":[{"href":"https:\/\/www.elgrillitosuena.com\/inicio\/wp-json\/wp\/v2\/media?parent=21986"}],"wp:term":[{"taxonomy":"category","embeddable":true,"href":"https:\/\/www.elgrillitosuena.com\/inicio\/wp-json\/wp\/v2\/categories?post=21986"},{"taxonomy":"post_tag","embeddable":true,"href":"https:\/\/www.elgrillitosuena.com\/inicio\/wp-json\/wp\/v2\/tags?post=21986"}],"curies":[{"name":"wp","href":"https:\/\/api.w.org\/{rel}","templated":true}]}}