{"id":21861,"date":"2022-11-08T20:18:06","date_gmt":"2022-11-08T20:18:06","guid":{"rendered":"https:\/\/www.elgrillitosuena.com\/inicio\/?p=21861"},"modified":"2022-11-08T20:18:06","modified_gmt":"2022-11-08T20:18:06","slug":"iglesia-ortodoxa-de-ucrania-busca-cambiar-fecha-de-la-navidad-tras-guerra-con-rusia","status":"publish","type":"post","link":"https:\/\/www.elgrillitosuena.com\/inicio\/noticias\/mundo\/iglesia-ortodoxa-de-ucrania-busca-cambiar-fecha-de-la-navidad-tras-guerra-con-rusia\/","title":{"rendered":"Iglesia Ortodoxa de Ucrania busca cambiar fecha de la Navidad tras guerra con Rusia"},"content":{"rendered":"<p><img decoding=\"async\" loading=\"lazy\" class=\"alignnone  wp-image-21862\" src=\"https:\/\/www.elgrillitosuena.com\/inicio\/wp-content\/uploads\/2022\/11\/iglesia-ortodoxa-ucrania-300x154.jpg\" alt=\"\" width=\"697\" height=\"358\" srcset=\"https:\/\/www.elgrillitosuena.com\/inicio\/wp-content\/uploads\/2022\/11\/iglesia-ortodoxa-ucrania-300x154.jpg 300w, https:\/\/www.elgrillitosuena.com\/inicio\/wp-content\/uploads\/2022\/11\/iglesia-ortodoxa-ucrania-1024x525.jpg 1024w, https:\/\/www.elgrillitosuena.com\/inicio\/wp-content\/uploads\/2022\/11\/iglesia-ortodoxa-ucrania-768x394.jpg 768w, https:\/\/www.elgrillitosuena.com\/inicio\/wp-content\/uploads\/2022\/11\/iglesia-ortodoxa-ucrania.jpg 1170w\" sizes=\"(max-width: 697px) 100vw, 697px\" \/><\/p>\n<p>Aunque en el pasado ya se permit\u00eda, la iglesia ortodoxa de Ucrania busca traspasar la navidad al 25 de diciembre, a las reglas del caledario gregoriano, tras la guerra con Rusia iniciada en ferbrero pasado.<\/p>\n<p>El arzobispo metropolitano de Kiev, Yevstratiy Zoria, asegur\u00f3 en declaraciones retomadas por el diario brit\u00e1nico The Guardian que las parroquias podr\u00e1n celebrar la navidad ese d\u00eda y no el 7 de enero, que as\u00ed lo marca en el calendario juliano. Esto como intenci\u00f3n de alejarse de Rusia y tener mayor acercamiento con el mundo occidental, que ha expresado mayor respaldo en el conflcito.<\/p>\n<p>\u201cNo queremos obligar a nadie. Comprendemos que eso no resuelve nada\u201d, se\u00f1al\u00f3. \u201cYo personalmente decidir\u00e9 qu\u00e9 hacer despu\u00e9s de hablar con mis feligreses. Es mejor promover este proceso despacio y con \u00e9xito\u201d, dijo el arzobispo en entrevista con el diario.<\/p>\n<p>El debate de mover la navidad no ha sido nuevo. Anteriormente un tercio de los feligreses deseaba la fecha de Navidad al calendario occidental, pero que tras el conficto, el respaldo ya es mayor. La iglesia ortodoxa de Ucrania era m\u00e1s cercana al mando del patriarca Cirilo \u2014l\u00edder de los ortodoxos rusos\u2014, pero tras la guerra se comenz\u00f3 a hacer una separaci\u00f3n m\u00e1s marcada.<\/p>\n<p>Las autoridades ucranianas han buscado romper algunos de sus lazos hist\u00f3ricos con Rusia \u2014que datan de la Rus de Kiev en las \u00e9p\u00f3cas medievales\u2014, en que destacan la cultura y la religi\u00f3n.<\/p>\n","protected":false},"excerpt":{"rendered":"<p>Aunque en el pasado ya se permit\u00eda, la iglesia ortodoxa de Ucrania busca traspasar la navidad al 25 de diciembre, a las reglas del caledario gregoriano, tras la guerra con Rusia iniciada en ferbrero pasado. El arzobispo metropolitano de Kiev, Yevstratiy Zoria, asegur\u00f3 en declaraciones retomadas por el diario brit\u00e1nico The Guardian que las parroquias &hellip;<\/p>\n","protected":false},"author":3,"featured_media":21862,"comment_status":"open","ping_status":"closed","sticky":false,"template":"","format":"standard","meta":[],"categories":[40],"tags":[4277,476,3714],"_links":{"self":[{"href":"https:\/\/www.elgrillitosuena.com\/inicio\/wp-json\/wp\/v2\/posts\/21861"}],"collection":[{"href":"https:\/\/www.elgrillitosuena.com\/inicio\/wp-json\/wp\/v2\/posts"}],"about":[{"href":"https:\/\/www.elgrillitosuena.com\/inicio\/wp-json\/wp\/v2\/types\/post"}],"author":[{"embeddable":true,"href":"https:\/\/www.elgrillitosuena.com\/inicio\/wp-json\/wp\/v2\/users\/3"}],"replies":[{"embeddable":true,"href":"https:\/\/www.elgrillitosuena.com\/inicio\/wp-json\/wp\/v2\/comments?post=21861"}],"version-history":[{"count":1,"href":"https:\/\/www.elgrillitosuena.com\/inicio\/wp-json\/wp\/v2\/posts\/21861\/revisions"}],"predecessor-version":[{"id":21863,"href":"https:\/\/www.elgrillitosuena.com\/inicio\/wp-json\/wp\/v2\/posts\/21861\/revisions\/21863"}],"wp:featuredmedia":[{"embeddable":true,"href":"https:\/\/www.elgrillitosuena.com\/inicio\/wp-json\/wp\/v2\/media\/21862"}],"wp:attachment":[{"href":"https:\/\/www.elgrillitosuena.com\/inicio\/wp-json\/wp\/v2\/media?parent=21861"}],"wp:term":[{"taxonomy":"category","embeddable":true,"href":"https:\/\/www.elgrillitosuena.com\/inicio\/wp-json\/wp\/v2\/categories?post=21861"},{"taxonomy":"post_tag","embeddable":true,"href":"https:\/\/www.elgrillitosuena.com\/inicio\/wp-json\/wp\/v2\/tags?post=21861"}],"curies":[{"name":"wp","href":"https:\/\/api.w.org\/{rel}","templated":true}]}}