{"id":21787,"date":"2022-10-31T19:33:27","date_gmt":"2022-10-31T19:33:27","guid":{"rendered":"https:\/\/www.elgrillitosuena.com\/inicio\/?p=21787"},"modified":"2022-10-31T19:33:27","modified_gmt":"2022-10-31T19:33:27","slug":"niega-lopez-obrador-ir-a-badiraguato-tierra-de-el-chapo-para-ver-al-cartel-de-sinaloa","status":"publish","type":"post","link":"https:\/\/www.elgrillitosuena.com\/inicio\/noticias\/mexico\/niega-lopez-obrador-ir-a-badiraguato-tierra-de-el-chapo-para-ver-al-cartel-de-sinaloa\/","title":{"rendered":"Niega L\u00f3pez Obrador ir a Badiraguato, tierra de &#8216;El Chapo&#8217;, para ver al C\u00e1rtel de Sinaloa"},"content":{"rendered":"<p><img decoding=\"async\" loading=\"lazy\" class=\"alignnone  wp-image-21788\" src=\"https:\/\/www.elgrillitosuena.com\/inicio\/wp-content\/uploads\/2022\/10\/31-10-2022-Conferencia-de-prensa-matutina-Palacio-Nacional-Foto-04-300x200.jpg\" alt=\"\" width=\"716\" height=\"477\" srcset=\"https:\/\/www.elgrillitosuena.com\/inicio\/wp-content\/uploads\/2022\/10\/31-10-2022-Conferencia-de-prensa-matutina-Palacio-Nacional-Foto-04-300x200.jpg 300w, https:\/\/www.elgrillitosuena.com\/inicio\/wp-content\/uploads\/2022\/10\/31-10-2022-Conferencia-de-prensa-matutina-Palacio-Nacional-Foto-04-1024x683.jpg 1024w, https:\/\/www.elgrillitosuena.com\/inicio\/wp-content\/uploads\/2022\/10\/31-10-2022-Conferencia-de-prensa-matutina-Palacio-Nacional-Foto-04-768x512.jpg 768w, https:\/\/www.elgrillitosuena.com\/inicio\/wp-content\/uploads\/2022\/10\/31-10-2022-Conferencia-de-prensa-matutina-Palacio-Nacional-Foto-04.jpg 1500w\" sizes=\"(max-width: 716px) 100vw, 716px\" \/><\/p>\n<p>El presidente Andr\u00e9s Manuel L\u00f3pez Obrador rechaz\u00f3 que visite Badiraguato, Sinaloa, para entrevistarse con integrantes del C\u00e1rtel de Sinaloa, como, afirm\u00f3, se hac\u00eda en el gobierno de Felipe Calder\u00f3n.<\/p>\n<p>En conferencia en Palacio Nacional, el mandatario desminti\u00f3 el rumor que circula en redes sociales que dice que, presuntamente, el mandatario se reunir\u00e1 con miembros del crimen organizado.<\/p>\n<p>Aclar\u00f3 que asistir\u00e1 a Badiraguato, Sinaloa, con el objetivo de impulsar la producci\u00f3n de alimentos para avanzar en el plan de autosuficientcia alimentaria.<\/p>\n<p>\u201cHay una campa\u00f1a en redes de que voy a Badiraguato para reunirme con miembros del C\u00e1rtel de Sinaloa, \u00a1pues no!, voy a Sinaloa porque es un estado de gente buena, trabajadora, que no debe estigmatizarse para los que no tienen informaci\u00f3n: Sinaloa es el granero del pa\u00eds.<\/p>\n<p>\u201cVoy a Sinaloa porque nos importa la producci\u00f3n de alimentos. Tenemos dos prop\u00f3sitos: las autosuficiencias energ\u00e9tica y alimentaria y vamos a impulsar la producci\u00f3n de ma\u00edz, frijol, arroz, producir en M\u00e9xico lo que consumimos\u201d, afirm\u00f3.<\/p>\n<p>L\u00f3pez Obrador reiter\u00f3 que su visita al municipio donde naci\u00f3 Joaqu\u00edn Guzm\u00e1n Loera, El Chapo, sea para entrevistarse con el C\u00e1rtel de Sinaloa, que el ahora detenido en Estados Unidos lider\u00f3.<\/p>\n<p>Sostuvo que \u00e9l no actuar\u00e1 como se hizo en el gobierno de Felipe Calder\u00f3n, en el que el mismo secretario de Seguridad, Genaro Garc\u00eda Luna, proteg\u00eda el c\u00e1rtel del Chapo.<\/p>\n","protected":false},"excerpt":{"rendered":"<p>El presidente Andr\u00e9s Manuel L\u00f3pez Obrador rechaz\u00f3 que visite Badiraguato, Sinaloa, para entrevistarse con integrantes del C\u00e1rtel de Sinaloa, como, afirm\u00f3, se hac\u00eda en el gobierno de Felipe Calder\u00f3n. En conferencia en Palacio Nacional, el mandatario desminti\u00f3 el rumor que circula en redes sociales que dice que, presuntamente, el mandatario se reunir\u00e1 con miembros del &hellip;<\/p>\n","protected":false},"author":3,"featured_media":21788,"comment_status":"open","ping_status":"closed","sticky":false,"template":"","format":"standard","meta":[],"categories":[39],"tags":[98,5531,2031,156,2165],"_links":{"self":[{"href":"https:\/\/www.elgrillitosuena.com\/inicio\/wp-json\/wp\/v2\/posts\/21787"}],"collection":[{"href":"https:\/\/www.elgrillitosuena.com\/inicio\/wp-json\/wp\/v2\/posts"}],"about":[{"href":"https:\/\/www.elgrillitosuena.com\/inicio\/wp-json\/wp\/v2\/types\/post"}],"author":[{"embeddable":true,"href":"https:\/\/www.elgrillitosuena.com\/inicio\/wp-json\/wp\/v2\/users\/3"}],"replies":[{"embeddable":true,"href":"https:\/\/www.elgrillitosuena.com\/inicio\/wp-json\/wp\/v2\/comments?post=21787"}],"version-history":[{"count":1,"href":"https:\/\/www.elgrillitosuena.com\/inicio\/wp-json\/wp\/v2\/posts\/21787\/revisions"}],"predecessor-version":[{"id":21789,"href":"https:\/\/www.elgrillitosuena.com\/inicio\/wp-json\/wp\/v2\/posts\/21787\/revisions\/21789"}],"wp:featuredmedia":[{"embeddable":true,"href":"https:\/\/www.elgrillitosuena.com\/inicio\/wp-json\/wp\/v2\/media\/21788"}],"wp:attachment":[{"href":"https:\/\/www.elgrillitosuena.com\/inicio\/wp-json\/wp\/v2\/media?parent=21787"}],"wp:term":[{"taxonomy":"category","embeddable":true,"href":"https:\/\/www.elgrillitosuena.com\/inicio\/wp-json\/wp\/v2\/categories?post=21787"},{"taxonomy":"post_tag","embeddable":true,"href":"https:\/\/www.elgrillitosuena.com\/inicio\/wp-json\/wp\/v2\/tags?post=21787"}],"curies":[{"name":"wp","href":"https:\/\/api.w.org\/{rel}","templated":true}]}}