{"id":2173,"date":"2020-10-26T15:32:30","date_gmt":"2020-10-26T15:32:30","guid":{"rendered":"https:\/\/www.elgrillitosuena.com\/inicio\/?p=2173"},"modified":"2020-10-26T15:32:30","modified_gmt":"2020-10-26T15:32:30","slug":"francia-registra-el-cuarto-record-consecutivo-de-contagios-por-covid","status":"publish","type":"post","link":"https:\/\/www.elgrillitosuena.com\/inicio\/noticias\/mundo\/francia-registra-el-cuarto-record-consecutivo-de-contagios-por-covid\/","title":{"rendered":"Francia registra el cuarto r\u00e9cord consecutivo de contagios por Covid"},"content":{"rendered":"<p><img decoding=\"async\" loading=\"lazy\" class=\"alignnone  wp-image-2175\" src=\"https:\/\/www.elgrillitosuena.com\/inicio\/wp-content\/uploads\/2020\/10\/francia-registra-cuarto-record-consecutivo-contagios-covid-1-300x155.jpg\" alt=\"\" width=\"681\" height=\"352\" srcset=\"https:\/\/www.elgrillitosuena.com\/inicio\/wp-content\/uploads\/2020\/10\/francia-registra-cuarto-record-consecutivo-contagios-covid-1-300x155.jpg 300w, https:\/\/www.elgrillitosuena.com\/inicio\/wp-content\/uploads\/2020\/10\/francia-registra-cuarto-record-consecutivo-contagios-covid-1-1024x529.jpg 1024w, https:\/\/www.elgrillitosuena.com\/inicio\/wp-content\/uploads\/2020\/10\/francia-registra-cuarto-record-consecutivo-contagios-covid-1-768x397.jpg 768w, https:\/\/www.elgrillitosuena.com\/inicio\/wp-content\/uploads\/2020\/10\/francia-registra-cuarto-record-consecutivo-contagios-covid-1.jpg 1200w\" sizes=\"(max-width: 681px) 100vw, 681px\" \/><\/p>\n<p><em>EFE<\/em>.-\u00a0<strong>Francia<\/strong>\u00a0registr\u00f3 este domingo el cuarto r\u00e9cord diario consecutivo de\u00a0<strong>contagios<\/strong>\u00a0de\u00a0<strong>coronavirus<\/strong>, con 52 mil 10, lo que evidencia el crecimiento exponencial de la\u00a0<strong>pandemia<\/strong>.<\/p>\n<p>La agencia de\u00a0<strong>Salud P\u00fablica<\/strong>\u00a0de\u00a0<strong>Francia<\/strong>\u00a0indic\u00f3 que ya se ha superado el umbral de 1.1 millones de\u00a0<strong>contagios<\/strong>\u00a0desde el inicio de la\u00a0<strong>pandemia<\/strong>, en concreto con un mill\u00f3n 138 mil 507.<\/p>\n<h2 id=\"h-hubo-116-muertes-en-las-ltimas-24-horas\"><strong>Hubo 116 muertes en las \u00faltimas 24 horas<\/strong><\/h2>\n<p>En las \u00faltimas 24 horas, se han certificado 116\u00a0<strong>muertes por Covid-19<\/strong>, una cifra inferior a los 138 que se hab\u00edan comunicado el s\u00e1bado. Oficialmente, desde inicios de marzo, han fallecido en\u00a0<strong>Francia<\/strong>\u00a034 mil 761 personas por la\u00a0<strong>pandemia<\/strong>.<\/p>\n<p>Los nuevos casos de este domingo suponen un salto muy significativo respecto a los 45 mil 422\u00a0<strong>contagios<\/strong>\u00a0del s\u00e1bado y a los 42 mil 32 del viernes, y hacen temer un incremento de las hospitalizaciones en los pr\u00f3ximos d\u00edas.<\/p>\n<p>La tasa de pruebas positivas tambi\u00e9n ha subido hasta el 17%, un punto porcentual m\u00e1s que la v\u00edspera.<\/p>\n<p>A falta de que se actualicen los datos de hospitalizaciones, el s\u00e1bado hab\u00eda 15 mil 660 pacientes internados por\u00a0<strong><a href=\"https:\/\/coronavirus.jhu.edu\/map.html\">Covid-19<\/a><\/strong>, de los cuales 2 mil 500 en las ucis.<\/p>\n<p>El\u00a0<strong>gobierno franc\u00e9s<\/strong>\u00a0impuso desde el 17 de octubre un\u00a0<strong>confinamiento<\/strong>\u00a0nocturno, entre las 21:00 y las 6:00 horas, en la regi\u00f3n de\u00a0<strong>Par\u00eds<\/strong>\u00a0y en otras ocho \u00e1reas urbanas, que desde este s\u00e1bado se ha extendido en total a 54 departamentos en los que viven 46 millones de personas, m\u00e1s de dos tercios de la poblaci\u00f3n del pa\u00eds.<\/p>\n<p>Aunque es el escenario que se ha querido evitar en los \u00faltimos meses, el Ejecutivo y el propio presidente,\u00a0<strong>Emmanuel Macron<\/strong>, han reconocido que no excluyen el recurso a los \u201c<strong>confinamientos locales<\/strong>\u00a0o m\u00e1s amplios\u201d.<\/p>\n<p>&nbsp;<\/p>\n<p>Con informaci\u00f3n de Latinus<\/p>\n","protected":false},"excerpt":{"rendered":"<p>EFE.-\u00a0Francia\u00a0registr\u00f3 este domingo el cuarto r\u00e9cord diario consecutivo de\u00a0contagios\u00a0de\u00a0coronavirus, con 52 mil 10, lo que evidencia el crecimiento exponencial de la\u00a0pandemia. La agencia de\u00a0Salud P\u00fablica\u00a0de\u00a0Francia\u00a0indic\u00f3 que ya se ha superado el umbral de 1.1 millones de\u00a0contagios\u00a0desde el inicio de la\u00a0pandemia, en concreto con un mill\u00f3n 138 mil 507. Hubo 116 muertes en las \u00faltimas 24 &hellip;<\/p>\n","protected":false},"author":2,"featured_media":2174,"comment_status":"open","ping_status":"closed","sticky":false,"template":"","format":"standard","meta":[],"categories":[40],"tags":[],"_links":{"self":[{"href":"https:\/\/www.elgrillitosuena.com\/inicio\/wp-json\/wp\/v2\/posts\/2173"}],"collection":[{"href":"https:\/\/www.elgrillitosuena.com\/inicio\/wp-json\/wp\/v2\/posts"}],"about":[{"href":"https:\/\/www.elgrillitosuena.com\/inicio\/wp-json\/wp\/v2\/types\/post"}],"author":[{"embeddable":true,"href":"https:\/\/www.elgrillitosuena.com\/inicio\/wp-json\/wp\/v2\/users\/2"}],"replies":[{"embeddable":true,"href":"https:\/\/www.elgrillitosuena.com\/inicio\/wp-json\/wp\/v2\/comments?post=2173"}],"version-history":[{"count":1,"href":"https:\/\/www.elgrillitosuena.com\/inicio\/wp-json\/wp\/v2\/posts\/2173\/revisions"}],"predecessor-version":[{"id":2176,"href":"https:\/\/www.elgrillitosuena.com\/inicio\/wp-json\/wp\/v2\/posts\/2173\/revisions\/2176"}],"wp:featuredmedia":[{"embeddable":true,"href":"https:\/\/www.elgrillitosuena.com\/inicio\/wp-json\/wp\/v2\/media\/2174"}],"wp:attachment":[{"href":"https:\/\/www.elgrillitosuena.com\/inicio\/wp-json\/wp\/v2\/media?parent=2173"}],"wp:term":[{"taxonomy":"category","embeddable":true,"href":"https:\/\/www.elgrillitosuena.com\/inicio\/wp-json\/wp\/v2\/categories?post=2173"},{"taxonomy":"post_tag","embeddable":true,"href":"https:\/\/www.elgrillitosuena.com\/inicio\/wp-json\/wp\/v2\/tags?post=2173"}],"curies":[{"name":"wp","href":"https:\/\/api.w.org\/{rel}","templated":true}]}}