{"id":21692,"date":"2022-10-20T17:48:54","date_gmt":"2022-10-20T17:48:54","guid":{"rendered":"https:\/\/www.elgrillitosuena.com\/inicio\/?p=21692"},"modified":"2022-10-20T17:48:54","modified_gmt":"2022-10-20T17:48:54","slug":"voy-a-entregar-la-estafeta-a-quien-va-a-continuar-la-4t-lopez-obrador","status":"publish","type":"post","link":"https:\/\/www.elgrillitosuena.com\/inicio\/noticias\/mexico\/voy-a-entregar-la-estafeta-a-quien-va-a-continuar-la-4t-lopez-obrador\/","title":{"rendered":"Voy a entregar la estafeta a quien va a continuar la 4T: L\u00f3pez Obrador"},"content":{"rendered":"<p><img decoding=\"async\" loading=\"lazy\" class=\"alignnone  wp-image-21693\" src=\"https:\/\/www.elgrillitosuena.com\/inicio\/wp-content\/uploads\/2022\/10\/amlo-abr-28-300x169.jpg\" alt=\"\" width=\"682\" height=\"384\" srcset=\"https:\/\/www.elgrillitosuena.com\/inicio\/wp-content\/uploads\/2022\/10\/amlo-abr-28-300x169.jpg 300w, https:\/\/www.elgrillitosuena.com\/inicio\/wp-content\/uploads\/2022\/10\/amlo-abr-28-1024x576.jpg 1024w, https:\/\/www.elgrillitosuena.com\/inicio\/wp-content\/uploads\/2022\/10\/amlo-abr-28-768x432.jpg 768w, https:\/\/www.elgrillitosuena.com\/inicio\/wp-content\/uploads\/2022\/10\/amlo-abr-28.jpg 1280w\" sizes=\"(max-width: 682px) 100vw, 682px\" \/><\/p>\n<p>El presidente Andr\u00e9s Manuel L\u00f3pez Obrador sostuvo que est\u00e1 convencido de que en 2024 entregar\u00e1 la Banda presidencial a una persona que continuar\u00e1 con la Cuarta Transformaci\u00f3n.<\/p>\n<p>En conferencia en Palacio Nacional, el mandatario asegur\u00f3 que el proyecto que encabeza a\u00fan debe trabajar y resolver demandas de la sociedad, por lo que, consider\u00f3, su proyecto de naci\u00f3n seguir\u00e1 luego de que deje la Presidencia.<\/p>\n<p>Incluso, L\u00f3pez Obrador afirm\u00f3 que, por esa raz\u00f3n, la oposici\u00f3n no regresar\u00e1 al poder.<\/p>\n<p>\u201cEstoy seguro que voy a entregar la estafeta a quien va a continuar, estoy seguro de eso, porque no va a haber marcha atr\u00e1s, ya no van a regresar los corruptos, no les van a funcionar sus campa\u00f1as publicitarias, su guerra sucia, ya se ech\u00f3 a andar este proceso, pero lleva todav\u00eda m\u00e1s tiempo.<\/p>\n<p>\u201cNos faltan menos de dos a\u00f1os, pero vamos a hacer todav\u00eda muchas cosas y estoy muy contento porque hay relevo a la vista, eso es una garant\u00eda de que vamos a seguir adelante transformando al pa\u00eds\u201d, manifest\u00f3.<\/p>\n<p>El mandatario reconoci\u00f3 que a pesar de que le restan menos de dos a\u00f1os en el gobierno, continuar\u00e1 con sus labores para resolver y atender pendientes en beneficio de la sociedad.<\/p>\n<p>Y es que afirm\u00f3 que hay temas que no se pueden resolver s\u00f3lo en un sexenio, sino que son de mediano y largo plazo.<\/p>\n<p>Por ello, L\u00f3pez Obrador sostuvo que, en el cambio generacional, la Cuarta Transformaci\u00f3n continuar\u00e1.<\/p>\n","protected":false},"excerpt":{"rendered":"<p>El presidente Andr\u00e9s Manuel L\u00f3pez Obrador sostuvo que est\u00e1 convencido de que en 2024 entregar\u00e1 la Banda presidencial a una persona que continuar\u00e1 con la Cuarta Transformaci\u00f3n. En conferencia en Palacio Nacional, el mandatario asegur\u00f3 que el proyecto que encabeza a\u00fan debe trabajar y resolver demandas de la sociedad, por lo que, consider\u00f3, su proyecto &hellip;<\/p>\n","protected":false},"author":3,"featured_media":21693,"comment_status":"open","ping_status":"closed","sticky":false,"template":"","format":"standard","meta":[],"categories":[39],"tags":[3581,98,5509,1596],"_links":{"self":[{"href":"https:\/\/www.elgrillitosuena.com\/inicio\/wp-json\/wp\/v2\/posts\/21692"}],"collection":[{"href":"https:\/\/www.elgrillitosuena.com\/inicio\/wp-json\/wp\/v2\/posts"}],"about":[{"href":"https:\/\/www.elgrillitosuena.com\/inicio\/wp-json\/wp\/v2\/types\/post"}],"author":[{"embeddable":true,"href":"https:\/\/www.elgrillitosuena.com\/inicio\/wp-json\/wp\/v2\/users\/3"}],"replies":[{"embeddable":true,"href":"https:\/\/www.elgrillitosuena.com\/inicio\/wp-json\/wp\/v2\/comments?post=21692"}],"version-history":[{"count":1,"href":"https:\/\/www.elgrillitosuena.com\/inicio\/wp-json\/wp\/v2\/posts\/21692\/revisions"}],"predecessor-version":[{"id":21694,"href":"https:\/\/www.elgrillitosuena.com\/inicio\/wp-json\/wp\/v2\/posts\/21692\/revisions\/21694"}],"wp:featuredmedia":[{"embeddable":true,"href":"https:\/\/www.elgrillitosuena.com\/inicio\/wp-json\/wp\/v2\/media\/21693"}],"wp:attachment":[{"href":"https:\/\/www.elgrillitosuena.com\/inicio\/wp-json\/wp\/v2\/media?parent=21692"}],"wp:term":[{"taxonomy":"category","embeddable":true,"href":"https:\/\/www.elgrillitosuena.com\/inicio\/wp-json\/wp\/v2\/categories?post=21692"},{"taxonomy":"post_tag","embeddable":true,"href":"https:\/\/www.elgrillitosuena.com\/inicio\/wp-json\/wp\/v2\/tags?post=21692"}],"curies":[{"name":"wp","href":"https:\/\/api.w.org\/{rel}","templated":true}]}}