{"id":21662,"date":"2022-10-18T18:25:51","date_gmt":"2022-10-18T18:25:51","guid":{"rendered":"https:\/\/www.elgrillitosuena.com\/inicio\/?p=21662"},"modified":"2022-10-18T18:25:51","modified_gmt":"2022-10-18T18:25:51","slug":"tengo-miedo-dice-reportera-susana-carreno-a-amlo-en-la-mananera","status":"publish","type":"post","link":"https:\/\/www.elgrillitosuena.com\/inicio\/noticias\/mexico\/tengo-miedo-dice-reportera-susana-carreno-a-amlo-en-la-mananera\/","title":{"rendered":"\u201cTengo miedo\u201d, dice reportera Susana Carre\u00f1o a AMLO en la ma\u00f1anera"},"content":{"rendered":"<p><img decoding=\"async\" loading=\"lazy\" class=\"alignnone  wp-image-21663\" src=\"https:\/\/www.elgrillitosuena.com\/inicio\/wp-content\/uploads\/2022\/10\/susana-carreno-a700c2e0-focus-0-0-696-423-300x194.jpg\" alt=\"\" width=\"668\" height=\"432\" srcset=\"https:\/\/www.elgrillitosuena.com\/inicio\/wp-content\/uploads\/2022\/10\/susana-carreno-a700c2e0-focus-0-0-696-423-300x194.jpg 300w, https:\/\/www.elgrillitosuena.com\/inicio\/wp-content\/uploads\/2022\/10\/susana-carreno-a700c2e0-focus-0-0-696-423.jpg 696w\" sizes=\"(max-width: 668px) 100vw, 668px\" \/><\/p>\n<p>Tras sufrir un ataque con arma blanca en julio pasado en Puerto Vallarta, Jalisco, que la llev\u00f3 a estar hospitalizada, la reportera Susana Carre\u00f1o regres\u00f3 a la conferencia ma\u00f1anera del presidente Andr\u00e9s Manuel L\u00f3pez Obrador, a quien le extern\u00f3 que tiene miedo.<\/p>\n<p>En el Sal\u00f3n Tesorer\u00eda, Carre\u00f1o extern\u00f3 que sufri\u00f3 un atentado y agradeci\u00f3 a los funcionarios que atendieron sus denuncias ambientales y su caso: \u201cFue directo, por todos los temas que se vienen manejando, que tienen que ver con la corrupci\u00f3n\u201d.<\/p>\n<p>\u201cQuiero tambi\u00e9n aprovechar para agradecer a Rosa Icela (Rodr\u00edguez, secretaria de Seguridad). Quiero agradecer la reacci\u00f3n inmediata que tuvieron para con mi persona porque por eso estoy aqu\u00ed, estoy viva, estoy recobrando mi fuerza, estoy recobrando mi energ\u00eda, quiero seguir ejerciendo el periodismo serio, responsable, con \u00e9tica, con libertad de pensamiento.<\/p>\n<p>\u201cTengo miedo, obviamente, quisiera no tenerlo\u201d, extern\u00f3 al pedir a L\u00f3pez Obrador protecci\u00f3n para ambientalistas y periodistas.<\/p>\n<p>El presidente L\u00f3pez Obrador expres\u00f3 su gusto por la presencia de Carre\u00f1o en la ma\u00f1anera y coment\u00f3 que la reportera \u201cfue v\u00edctima de un atentado y se pens\u00f3, se habl\u00f3 de que era un asalto, pero no, fue por su trabajo de denuncia\u201d.<\/p>\n<p>\u201cUn aplauso para ti\u201d, le extern\u00f3 el presidente L\u00f3pez Obrador.<\/p>\n","protected":false},"excerpt":{"rendered":"<p>Tras sufrir un ataque con arma blanca en julio pasado en Puerto Vallarta, Jalisco, que la llev\u00f3 a estar hospitalizada, la reportera Susana Carre\u00f1o regres\u00f3 a la conferencia ma\u00f1anera del presidente Andr\u00e9s Manuel L\u00f3pez Obrador, a quien le extern\u00f3 que tiene miedo. En el Sal\u00f3n Tesorer\u00eda, Carre\u00f1o extern\u00f3 que sufri\u00f3 un atentado y agradeci\u00f3 a &hellip;<\/p>\n","protected":false},"author":3,"featured_media":21663,"comment_status":"open","ping_status":"closed","sticky":false,"template":"","format":"standard","meta":[],"categories":[39],"tags":[98,1058,1663],"_links":{"self":[{"href":"https:\/\/www.elgrillitosuena.com\/inicio\/wp-json\/wp\/v2\/posts\/21662"}],"collection":[{"href":"https:\/\/www.elgrillitosuena.com\/inicio\/wp-json\/wp\/v2\/posts"}],"about":[{"href":"https:\/\/www.elgrillitosuena.com\/inicio\/wp-json\/wp\/v2\/types\/post"}],"author":[{"embeddable":true,"href":"https:\/\/www.elgrillitosuena.com\/inicio\/wp-json\/wp\/v2\/users\/3"}],"replies":[{"embeddable":true,"href":"https:\/\/www.elgrillitosuena.com\/inicio\/wp-json\/wp\/v2\/comments?post=21662"}],"version-history":[{"count":1,"href":"https:\/\/www.elgrillitosuena.com\/inicio\/wp-json\/wp\/v2\/posts\/21662\/revisions"}],"predecessor-version":[{"id":21664,"href":"https:\/\/www.elgrillitosuena.com\/inicio\/wp-json\/wp\/v2\/posts\/21662\/revisions\/21664"}],"wp:featuredmedia":[{"embeddable":true,"href":"https:\/\/www.elgrillitosuena.com\/inicio\/wp-json\/wp\/v2\/media\/21663"}],"wp:attachment":[{"href":"https:\/\/www.elgrillitosuena.com\/inicio\/wp-json\/wp\/v2\/media?parent=21662"}],"wp:term":[{"taxonomy":"category","embeddable":true,"href":"https:\/\/www.elgrillitosuena.com\/inicio\/wp-json\/wp\/v2\/categories?post=21662"},{"taxonomy":"post_tag","embeddable":true,"href":"https:\/\/www.elgrillitosuena.com\/inicio\/wp-json\/wp\/v2\/tags?post=21662"}],"curies":[{"name":"wp","href":"https:\/\/api.w.org\/{rel}","templated":true}]}}