{"id":21605,"date":"2022-10-13T18:35:26","date_gmt":"2022-10-13T18:35:26","guid":{"rendered":"https:\/\/www.elgrillitosuena.com\/inicio\/?p=21605"},"modified":"2022-10-13T18:35:26","modified_gmt":"2022-10-13T18:35:26","slug":"exposicion-accion-el-hacer-y-el-vestir-en-el-centro-cultural-fabrica-de-san-pedro","status":"publish","type":"post","link":"https:\/\/www.elgrillitosuena.com\/inicio\/noticias\/uruapan\/exposicion-accion-el-hacer-y-el-vestir-en-el-centro-cultural-fabrica-de-san-pedro\/","title":{"rendered":"Exposici\u00f3n \u201cAcci\u00f3n: el hacer y el vestir\u201d en el Centro Cultural F\u00e1brica de San Pedro"},"content":{"rendered":"<p><img decoding=\"async\" loading=\"lazy\" class=\"alignnone  wp-image-21608\" src=\"https:\/\/www.elgrillitosuena.com\/inicio\/wp-content\/uploads\/2022\/10\/Sin-t\u00edtulo-2-300x184.jpg\" alt=\"\" width=\"631\" height=\"387\" srcset=\"https:\/\/www.elgrillitosuena.com\/inicio\/wp-content\/uploads\/2022\/10\/Sin-t\u00edtulo-2-300x184.jpg 300w, https:\/\/www.elgrillitosuena.com\/inicio\/wp-content\/uploads\/2022\/10\/Sin-t\u00edtulo-2-1024x628.jpg 1024w, https:\/\/www.elgrillitosuena.com\/inicio\/wp-content\/uploads\/2022\/10\/Sin-t\u00edtulo-2-768x471.jpg 768w, https:\/\/www.elgrillitosuena.com\/inicio\/wp-content\/uploads\/2022\/10\/Sin-t\u00edtulo-2-1536x942.jpg 1536w, https:\/\/www.elgrillitosuena.com\/inicio\/wp-content\/uploads\/2022\/10\/Sin-t\u00edtulo-2-2048x1256.jpg 2048w\" sizes=\"(max-width: 631px) 100vw, 631px\" \/><\/p>\n<p>La fundaci\u00f3n Javier Mar\u00edn inaugura la exposici\u00f3n de la dise\u00f1adora Carla Fern\u00e1ndez, curada por Ana Elena Mallet, en la F\u00e1brica de San Pedro de Uruapan. Esta muestra art\u00edstica busca provocar una reflexi\u00f3n sobre los procesos de dise\u00f1o de una casa de moda mexicana en el siglo XXI, sus fuentes de inspiraci\u00f3n y la importancia de la colaboraci\u00f3n y los procesos creativos y de investigaci\u00f3n.<\/p>\n<p><img decoding=\"async\" loading=\"lazy\" class=\"alignnone  wp-image-21609\" src=\"https:\/\/www.elgrillitosuena.com\/inicio\/wp-content\/uploads\/2022\/10\/3511880c-ffff-4612-be2b-b3380f996895-300x225.jpg\" alt=\"\" width=\"579\" height=\"434\" srcset=\"https:\/\/www.elgrillitosuena.com\/inicio\/wp-content\/uploads\/2022\/10\/3511880c-ffff-4612-be2b-b3380f996895-300x225.jpg 300w, https:\/\/www.elgrillitosuena.com\/inicio\/wp-content\/uploads\/2022\/10\/3511880c-ffff-4612-be2b-b3380f996895-1024x768.jpg 1024w, https:\/\/www.elgrillitosuena.com\/inicio\/wp-content\/uploads\/2022\/10\/3511880c-ffff-4612-be2b-b3380f996895-768x576.jpg 768w, https:\/\/www.elgrillitosuena.com\/inicio\/wp-content\/uploads\/2022\/10\/3511880c-ffff-4612-be2b-b3380f996895.jpg 1280w\" sizes=\"(max-width: 579px) 100vw, 579px\" \/><\/p>\n<p>Este proyecto fue concebido especialmente para la Antigua F\u00e1brica de Hilados y Textiles de San Pedro y con colaboraci\u00f3n de distintos creativos.<\/p>\n<p><img decoding=\"async\" loading=\"lazy\" class=\"alignnone  wp-image-21610\" src=\"https:\/\/www.elgrillitosuena.com\/inicio\/wp-content\/uploads\/2022\/10\/a6f3993e-3924-490f-a30b-bc950c8abba7-300x225.jpg\" alt=\"\" width=\"513\" height=\"385\" srcset=\"https:\/\/www.elgrillitosuena.com\/inicio\/wp-content\/uploads\/2022\/10\/a6f3993e-3924-490f-a30b-bc950c8abba7-300x225.jpg 300w, https:\/\/www.elgrillitosuena.com\/inicio\/wp-content\/uploads\/2022\/10\/a6f3993e-3924-490f-a30b-bc950c8abba7-1024x768.jpg 1024w, https:\/\/www.elgrillitosuena.com\/inicio\/wp-content\/uploads\/2022\/10\/a6f3993e-3924-490f-a30b-bc950c8abba7-768x576.jpg 768w, https:\/\/www.elgrillitosuena.com\/inicio\/wp-content\/uploads\/2022\/10\/a6f3993e-3924-490f-a30b-bc950c8abba7.jpg 1280w\" sizes=\"(max-width: 513px) 100vw, 513px\" \/><\/p>\n<p>Carla Fern\u00e1ndez revisa la ropa de trabajo y las diversas tipolog\u00edas de indumentaria asociada a oficios y sus diferentes faenas, con el fin de generar reflexi\u00f3n sobre el vestir utilitario de M\u00e9xico.<\/p>\n<p>En nuestro pa\u00eds, la ropa de trabajo acompa\u00f1a la labor, pero tambi\u00e9n alimenta imaginarios y conjuga representaciones.<\/p>\n<p><img decoding=\"async\" loading=\"lazy\" class=\"alignnone  wp-image-21611\" src=\"https:\/\/www.elgrillitosuena.com\/inicio\/wp-content\/uploads\/2022\/10\/aa6adaa7-49bc-4864-a188-191d86b25a64-300x225.jpg\" alt=\"\" width=\"643\" height=\"482\" srcset=\"https:\/\/www.elgrillitosuena.com\/inicio\/wp-content\/uploads\/2022\/10\/aa6adaa7-49bc-4864-a188-191d86b25a64-300x225.jpg 300w, https:\/\/www.elgrillitosuena.com\/inicio\/wp-content\/uploads\/2022\/10\/aa6adaa7-49bc-4864-a188-191d86b25a64-1024x768.jpg 1024w, https:\/\/www.elgrillitosuena.com\/inicio\/wp-content\/uploads\/2022\/10\/aa6adaa7-49bc-4864-a188-191d86b25a64-768x576.jpg 768w, https:\/\/www.elgrillitosuena.com\/inicio\/wp-content\/uploads\/2022\/10\/aa6adaa7-49bc-4864-a188-191d86b25a64.jpg 1280w\" sizes=\"(max-width: 643px) 100vw, 643px\" \/><\/p>\n","protected":false},"excerpt":{"rendered":"<p>La fundaci\u00f3n Javier Mar\u00edn inaugura la exposici\u00f3n de la dise\u00f1adora Carla Fern\u00e1ndez, curada por Ana Elena Mallet, en la F\u00e1brica de San Pedro de Uruapan. Esta muestra art\u00edstica busca provocar una reflexi\u00f3n sobre los procesos de dise\u00f1o de una casa de moda mexicana en el siglo XXI, sus fuentes de inspiraci\u00f3n y la importancia de &hellip;<\/p>\n","protected":false},"author":3,"featured_media":21608,"comment_status":"open","ping_status":"closed","sticky":false,"template":"","format":"standard","meta":[],"categories":[43,37],"tags":[5487,201,5488,5489,5490,63],"_links":{"self":[{"href":"https:\/\/www.elgrillitosuena.com\/inicio\/wp-json\/wp\/v2\/posts\/21605"}],"collection":[{"href":"https:\/\/www.elgrillitosuena.com\/inicio\/wp-json\/wp\/v2\/posts"}],"about":[{"href":"https:\/\/www.elgrillitosuena.com\/inicio\/wp-json\/wp\/v2\/types\/post"}],"author":[{"embeddable":true,"href":"https:\/\/www.elgrillitosuena.com\/inicio\/wp-json\/wp\/v2\/users\/3"}],"replies":[{"embeddable":true,"href":"https:\/\/www.elgrillitosuena.com\/inicio\/wp-json\/wp\/v2\/comments?post=21605"}],"version-history":[{"count":1,"href":"https:\/\/www.elgrillitosuena.com\/inicio\/wp-json\/wp\/v2\/posts\/21605\/revisions"}],"predecessor-version":[{"id":21612,"href":"https:\/\/www.elgrillitosuena.com\/inicio\/wp-json\/wp\/v2\/posts\/21605\/revisions\/21612"}],"wp:featuredmedia":[{"embeddable":true,"href":"https:\/\/www.elgrillitosuena.com\/inicio\/wp-json\/wp\/v2\/media\/21608"}],"wp:attachment":[{"href":"https:\/\/www.elgrillitosuena.com\/inicio\/wp-json\/wp\/v2\/media?parent=21605"}],"wp:term":[{"taxonomy":"category","embeddable":true,"href":"https:\/\/www.elgrillitosuena.com\/inicio\/wp-json\/wp\/v2\/categories?post=21605"},{"taxonomy":"post_tag","embeddable":true,"href":"https:\/\/www.elgrillitosuena.com\/inicio\/wp-json\/wp\/v2\/tags?post=21605"}],"curies":[{"name":"wp","href":"https:\/\/api.w.org\/{rel}","templated":true}]}}