{"id":21510,"date":"2022-10-07T19:26:13","date_gmt":"2022-10-07T19:26:13","guid":{"rendered":"https:\/\/www.elgrillitosuena.com\/inicio\/?p=21510"},"modified":"2022-10-07T19:26:13","modified_gmt":"2022-10-07T19:26:13","slug":"chabelo-hijo-del-conductor-destapa-complicaciones-en-su-salud-tuvo-serios-problemas","status":"publish","type":"post","link":"https:\/\/www.elgrillitosuena.com\/inicio\/life-style\/entretenimiento\/chabelo-hijo-del-conductor-destapa-complicaciones-en-su-salud-tuvo-serios-problemas\/","title":{"rendered":"&#8220;Chabelo&#8221;: hijo del conductor destapa complicaciones en su salud, &#8220;tuvo serios problemas&#8221;"},"content":{"rendered":"<p><img decoding=\"async\" loading=\"lazy\" class=\"alignnone  wp-image-21511\" src=\"https:\/\/www.elgrillitosuena.com\/inicio\/wp-content\/uploads\/2022\/10\/chabelo-nickelodeon-kids-choice-awards-2016-315839-300x169.jpg\" alt=\"\" width=\"705\" height=\"397\" srcset=\"https:\/\/www.elgrillitosuena.com\/inicio\/wp-content\/uploads\/2022\/10\/chabelo-nickelodeon-kids-choice-awards-2016-315839-300x169.jpg 300w, https:\/\/www.elgrillitosuena.com\/inicio\/wp-content\/uploads\/2022\/10\/chabelo-nickelodeon-kids-choice-awards-2016-315839-1024x576.jpg 1024w, https:\/\/www.elgrillitosuena.com\/inicio\/wp-content\/uploads\/2022\/10\/chabelo-nickelodeon-kids-choice-awards-2016-315839-768x432.jpg 768w, https:\/\/www.elgrillitosuena.com\/inicio\/wp-content\/uploads\/2022\/10\/chabelo-nickelodeon-kids-choice-awards-2016-315839-1536x864.jpg 1536w, https:\/\/www.elgrillitosuena.com\/inicio\/wp-content\/uploads\/2022\/10\/chabelo-nickelodeon-kids-choice-awards-2016-315839.jpg 1920w\" sizes=\"(max-width: 705px) 100vw, 705px\" \/><\/p>\n<p>Nuevamente la salud de Xavier L\u00f3pez &#8220;Chabelo&#8221; se convirti\u00f3 en tema de conversaci\u00f3n en redes sociales despu\u00e9s de que su hijo, Xavier Miranda L\u00f3pez concediera una entrevista en la que habl\u00f3 sobre los problemas de salud que ha enfrentado en los \u00faltimos a\u00f1os su famoso pap\u00e1.<\/p>\n<p>Frente a las c\u00e1maras de televisi\u00f3n, el hijo del exconductor de &#8220;En familia&#8230; con Chabelo&#8221; cont\u00f3 que su padre ha tenido momentos complicados de salud, sin embargo, no destap\u00f3 m\u00e1s detalles sobre las enfermedades que han atacado a la estrella de televisi\u00f3n.<\/p>\n<p><strong>&#8220;Chabelo&#8221; ha tenido momentos complicados de salud<\/strong><\/p>\n<p>Este viernes 7 de octubre, el programa conducido por Gustavo Adolfo Infante, &#8220;Sale el Sol&#8221; transmiti\u00f3 una entrevista con Xavier Miranda L\u00f3pez, quien habl\u00f3 sobre el reciente estado de salud de su pap\u00e1, Xavier L\u00f3pez &#8220;Chabelo&#8221; quien lleva varios a\u00f1os retirado de la far\u00e1ndula.<\/p>\n<p>Frente a las c\u00e1maras de televisi\u00f3n, el entrevistado cont\u00f3 que el protagonista de pel\u00edculas como &#8220;Viaje a la luna&#8221;, &#8220;Los reyes del volante&#8221; y &#8220;Autopsia de un fantasma&#8221; vivi\u00f3 complicados problemas de salud, pero actualmente se encuentra bien y descansando.<\/p>\n<p>A pesar de que se neg\u00f3 a decir cu\u00e1l fue el padecimiento que tuvo su pap\u00e1, Xavier Miranda L\u00f3pez sentenci\u00f3 que despu\u00e9s de una larga carrera &#8220;Chabelo&#8221; se merece descansar, por lo que est\u00e1 en su casa descansando a sus 87 a\u00f1os de edad.<\/p>\n<p>&#8220;Tuvo serios problemas de salud, pero ya los tiene superados y est\u00e1 muy tranquilo en su casa. Creo que despu\u00e9s de tener una carrera tan larga merece descansar&#8221;, dijo el productor de teatro.<\/p>\n<p><strong>Trasciende que &#8220;Chabelo&#8221; tiene c\u00e1ncer<\/strong><\/p>\n<p>Hace unos meses, una famosa revista de espect\u00e1culos inform\u00f3 que Xavier L\u00f3pez &#8220;Chabelo&#8221;, uno de los conductores de televisi\u00f3n m\u00e1s famosos y queridos en M\u00e9xico, hab\u00eda sido diagnosticado con c\u00e1ncer en etapa terminal.<\/p>\n<p>Tras la alarmante noticia, el conductor comparti\u00f3 una historia en la que detall\u00f3 que venci\u00f3 al c\u00e1ncer y neg\u00f3 de manera contundente estar desahuciado, tal y como lo informaba la famosa revista de espect\u00e1culos.<\/p>\n","protected":false},"excerpt":{"rendered":"<p>Nuevamente la salud de Xavier L\u00f3pez &#8220;Chabelo&#8221; se convirti\u00f3 en tema de conversaci\u00f3n en redes sociales despu\u00e9s de que su hijo, Xavier Miranda L\u00f3pez concediera una entrevista en la que habl\u00f3 sobre los problemas de salud que ha enfrentado en los \u00faltimos a\u00f1os su famoso pap\u00e1. Frente a las c\u00e1maras de televisi\u00f3n, el hijo del &hellip;<\/p>\n","protected":false},"author":3,"featured_media":21511,"comment_status":"open","ping_status":"closed","sticky":false,"template":"","format":"standard","meta":[],"categories":[41,44],"tags":[5458,5461,5460,60,5459],"_links":{"self":[{"href":"https:\/\/www.elgrillitosuena.com\/inicio\/wp-json\/wp\/v2\/posts\/21510"}],"collection":[{"href":"https:\/\/www.elgrillitosuena.com\/inicio\/wp-json\/wp\/v2\/posts"}],"about":[{"href":"https:\/\/www.elgrillitosuena.com\/inicio\/wp-json\/wp\/v2\/types\/post"}],"author":[{"embeddable":true,"href":"https:\/\/www.elgrillitosuena.com\/inicio\/wp-json\/wp\/v2\/users\/3"}],"replies":[{"embeddable":true,"href":"https:\/\/www.elgrillitosuena.com\/inicio\/wp-json\/wp\/v2\/comments?post=21510"}],"version-history":[{"count":1,"href":"https:\/\/www.elgrillitosuena.com\/inicio\/wp-json\/wp\/v2\/posts\/21510\/revisions"}],"predecessor-version":[{"id":21512,"href":"https:\/\/www.elgrillitosuena.com\/inicio\/wp-json\/wp\/v2\/posts\/21510\/revisions\/21512"}],"wp:featuredmedia":[{"embeddable":true,"href":"https:\/\/www.elgrillitosuena.com\/inicio\/wp-json\/wp\/v2\/media\/21511"}],"wp:attachment":[{"href":"https:\/\/www.elgrillitosuena.com\/inicio\/wp-json\/wp\/v2\/media?parent=21510"}],"wp:term":[{"taxonomy":"category","embeddable":true,"href":"https:\/\/www.elgrillitosuena.com\/inicio\/wp-json\/wp\/v2\/categories?post=21510"},{"taxonomy":"post_tag","embeddable":true,"href":"https:\/\/www.elgrillitosuena.com\/inicio\/wp-json\/wp\/v2\/tags?post=21510"}],"curies":[{"name":"wp","href":"https:\/\/api.w.org\/{rel}","templated":true}]}}