{"id":21499,"date":"2022-10-07T18:36:24","date_gmt":"2022-10-07T18:36:24","guid":{"rendered":"https:\/\/www.elgrillitosuena.com\/inicio\/?p=21499"},"modified":"2022-10-07T18:36:24","modified_gmt":"2022-10-07T18:36:24","slug":"seduma-prioriza-la-proteccion-de-areas-forestales","status":"publish","type":"post","link":"https:\/\/www.elgrillitosuena.com\/inicio\/noticias\/uruapan\/seduma-prioriza-la-proteccion-de-areas-forestales\/","title":{"rendered":"Seduma prioriza la protecci\u00f3n de \u00e1reas forestales"},"content":{"rendered":"<p><img decoding=\"async\" loading=\"lazy\" class=\"alignnone  wp-image-21500\" src=\"https:\/\/www.elgrillitosuena.com\/inicio\/wp-content\/uploads\/2022\/10\/2ff9489e-b04e-4050-b2ef-3b775b32bcc3-300x145.jpg\" alt=\"\" width=\"710\" height=\"343\" srcset=\"https:\/\/www.elgrillitosuena.com\/inicio\/wp-content\/uploads\/2022\/10\/2ff9489e-b04e-4050-b2ef-3b775b32bcc3-300x145.jpg 300w, https:\/\/www.elgrillitosuena.com\/inicio\/wp-content\/uploads\/2022\/10\/2ff9489e-b04e-4050-b2ef-3b775b32bcc3-768x372.jpg 768w, https:\/\/www.elgrillitosuena.com\/inicio\/wp-content\/uploads\/2022\/10\/2ff9489e-b04e-4050-b2ef-3b775b32bcc3.jpg 1024w\" sizes=\"(max-width: 710px) 100vw, 710px\" \/><\/p>\n<p>Con la finalidad de establecer convenios de colaboraci\u00f3n para dar mejor atenci\u00f3n a la problem\u00e1tica ambiental en Uruapan, la secretaria de Desarrollo Urbano y Medio Ambiente, Martha Liliana Victoria B\u00e1ez, se reuni\u00f3 con directivos de la Comisi\u00f3n Nacional Forestal (Conafor) en esta ciudad.<\/p>\n<p>Durante la mesa de trabajo, plante\u00f3 a los directivos de Restauraci\u00f3n y Manejo Forestal un panorama sobre la problem\u00e1tica ambiental que existe y present\u00f3 estrategias y propuestas para, en conjunto, atender los temas relacionados con incendios, plagas y enfermedades forestales, as\u00ed como la restauraci\u00f3n de \u00e1reas boscosas del municipio que fueron impactadas por factores de degradaci\u00f3n.<\/p>\n<p>Acompa\u00f1ada por el regidor titular de la comisi\u00f3n de Desarrollo Urbano y Ecolog\u00eda, Abraham Prieto Razo, Victoria B\u00e1ez estableci\u00f3 acuerdos para la mitigaci\u00f3n de impactos ambientales, apoyo de equipo y herramientas para la atenci\u00f3n y desarrollo de las actividades de prevenci\u00f3n y combate de incendios forestales; as\u00ed como la realizaci\u00f3n de cursos especializados de capacitaci\u00f3n para personal de las brigadas municipales, entre otras gestiones que fortalecer\u00e1n las actividades de restauraci\u00f3n y protecci\u00f3n forestal en nuestro municipio.<\/p>\n","protected":false},"excerpt":{"rendered":"<p>Con la finalidad de establecer convenios de colaboraci\u00f3n para dar mejor atenci\u00f3n a la problem\u00e1tica ambiental en Uruapan, la secretaria de Desarrollo Urbano y Medio Ambiente, Martha Liliana Victoria B\u00e1ez, se reuni\u00f3 con directivos de la Comisi\u00f3n Nacional Forestal (Conafor) en esta ciudad. Durante la mesa de trabajo, plante\u00f3 a los directivos de Restauraci\u00f3n y &hellip;<\/p>\n","protected":false},"author":3,"featured_media":21500,"comment_status":"open","ping_status":"closed","sticky":false,"template":"","format":"standard","meta":[],"categories":[37],"tags":[4182,3602,4759,63],"_links":{"self":[{"href":"https:\/\/www.elgrillitosuena.com\/inicio\/wp-json\/wp\/v2\/posts\/21499"}],"collection":[{"href":"https:\/\/www.elgrillitosuena.com\/inicio\/wp-json\/wp\/v2\/posts"}],"about":[{"href":"https:\/\/www.elgrillitosuena.com\/inicio\/wp-json\/wp\/v2\/types\/post"}],"author":[{"embeddable":true,"href":"https:\/\/www.elgrillitosuena.com\/inicio\/wp-json\/wp\/v2\/users\/3"}],"replies":[{"embeddable":true,"href":"https:\/\/www.elgrillitosuena.com\/inicio\/wp-json\/wp\/v2\/comments?post=21499"}],"version-history":[{"count":1,"href":"https:\/\/www.elgrillitosuena.com\/inicio\/wp-json\/wp\/v2\/posts\/21499\/revisions"}],"predecessor-version":[{"id":21501,"href":"https:\/\/www.elgrillitosuena.com\/inicio\/wp-json\/wp\/v2\/posts\/21499\/revisions\/21501"}],"wp:featuredmedia":[{"embeddable":true,"href":"https:\/\/www.elgrillitosuena.com\/inicio\/wp-json\/wp\/v2\/media\/21500"}],"wp:attachment":[{"href":"https:\/\/www.elgrillitosuena.com\/inicio\/wp-json\/wp\/v2\/media?parent=21499"}],"wp:term":[{"taxonomy":"category","embeddable":true,"href":"https:\/\/www.elgrillitosuena.com\/inicio\/wp-json\/wp\/v2\/categories?post=21499"},{"taxonomy":"post_tag","embeddable":true,"href":"https:\/\/www.elgrillitosuena.com\/inicio\/wp-json\/wp\/v2\/tags?post=21499"}],"curies":[{"name":"wp","href":"https:\/\/api.w.org\/{rel}","templated":true}]}}