{"id":21392,"date":"2022-09-26T18:31:29","date_gmt":"2022-09-26T18:31:29","guid":{"rendered":"https:\/\/www.elgrillitosuena.com\/inicio\/?p=21392"},"modified":"2022-09-27T17:34:36","modified_gmt":"2022-09-27T17:34:36","slug":"capacitan-a-personal-juridico-del-gobierno-municipal","status":"publish","type":"post","link":"https:\/\/www.elgrillitosuena.com\/inicio\/noticias\/uruapan\/capacitan-a-personal-juridico-del-gobierno-municipal\/","title":{"rendered":"Capacitan a personal jur\u00eddico del Gobierno Municipal"},"content":{"rendered":"<p><img decoding=\"async\" loading=\"lazy\" class=\"alignnone  wp-image-21393\" src=\"https:\/\/www.elgrillitosuena.com\/inicio\/wp-content\/uploads\/2022\/09\/89057df2-9b7d-4010-926f-46f701e7e654-300x225.jpeg\" alt=\"\" width=\"619\" height=\"464\" srcset=\"https:\/\/www.elgrillitosuena.com\/inicio\/wp-content\/uploads\/2022\/09\/89057df2-9b7d-4010-926f-46f701e7e654-300x225.jpeg 300w, https:\/\/www.elgrillitosuena.com\/inicio\/wp-content\/uploads\/2022\/09\/89057df2-9b7d-4010-926f-46f701e7e654-1024x766.jpeg 1024w, https:\/\/www.elgrillitosuena.com\/inicio\/wp-content\/uploads\/2022\/09\/89057df2-9b7d-4010-926f-46f701e7e654-768x575.jpeg 768w, https:\/\/www.elgrillitosuena.com\/inicio\/wp-content\/uploads\/2022\/09\/89057df2-9b7d-4010-926f-46f701e7e654.jpeg 1280w\" sizes=\"(max-width: 619px) 100vw, 619px\" \/><\/p>\n<p>Con la finalidad de profesionalizar al personal jur\u00eddico que labora en el Gobierno Municipal, la Secretar\u00eda de Administraci\u00f3n, a trav\u00e9s de la Direcci\u00f3n de Recursos Humanos, realiz\u00f3 la capacitaci\u00f3n denominada \u201cVista General del Juicio de Amparo\u201d, con el prop\u00f3sito de que los participantes conozcan a profundidad las caracter\u00edsticas de esta rama del derecho.<\/p>\n<p>Se trata de una capacitaci\u00f3n integral que da respuesta a la instrucci\u00f3n del presidente municipal, Ignacio Campos Equihua, de buscar mecanismos directos y pragm\u00e1ticos que permitan el crecimiento personal y profesional de los trabajadores, explic\u00f3 Ra\u00fal Bedolla Valdez, director de Recursos Humanos.<\/p>\n<p><img decoding=\"async\" loading=\"lazy\" class=\"alignnone  wp-image-21394\" src=\"https:\/\/www.elgrillitosuena.com\/inicio\/wp-content\/uploads\/2022\/09\/ce5e541b-2608-4931-9731-c8ea8c289cb1-300x213.jpeg\" alt=\"\" width=\"596\" height=\"423\" srcset=\"https:\/\/www.elgrillitosuena.com\/inicio\/wp-content\/uploads\/2022\/09\/ce5e541b-2608-4931-9731-c8ea8c289cb1-300x213.jpeg 300w, https:\/\/www.elgrillitosuena.com\/inicio\/wp-content\/uploads\/2022\/09\/ce5e541b-2608-4931-9731-c8ea8c289cb1-1024x728.jpeg 1024w, https:\/\/www.elgrillitosuena.com\/inicio\/wp-content\/uploads\/2022\/09\/ce5e541b-2608-4931-9731-c8ea8c289cb1-768x546.jpeg 768w, https:\/\/www.elgrillitosuena.com\/inicio\/wp-content\/uploads\/2022\/09\/ce5e541b-2608-4931-9731-c8ea8c289cb1-1536x1092.jpeg 1536w, https:\/\/www.elgrillitosuena.com\/inicio\/wp-content\/uploads\/2022\/09\/ce5e541b-2608-4931-9731-c8ea8c289cb1.jpeg 1600w\" sizes=\"(max-width: 596px) 100vw, 596px\" \/><\/p>\n<p>Bedolla Valdez apunt\u00f3 que esta capacitaci\u00f3n para el personal jur\u00eddico se compone de cuatro m\u00f3dulos, los cuales iniciaron el pasado 22 de septiembre; todos estos talleres son impartidos por profesionales altamente capacitados y activos en Juzgados estatales y federales, con una trayectoria destacada en su materia y que fueron minuciosamente seleccionados.<\/p>\n","protected":false},"excerpt":{"rendered":"<p>Con la finalidad de profesionalizar al personal jur\u00eddico que labora en el Gobierno Municipal, la Secretar\u00eda de Administraci\u00f3n, a trav\u00e9s de la Direcci\u00f3n de Recursos Humanos, realiz\u00f3 la capacitaci\u00f3n denominada \u201cVista General del Juicio de Amparo\u201d, con el prop\u00f3sito de que los participantes conozcan a profundidad las caracter\u00edsticas de esta rama del derecho. Se trata &hellip;<\/p>\n","protected":false},"author":2,"featured_media":21393,"comment_status":"open","ping_status":"closed","sticky":false,"template":"","format":"standard","meta":[],"categories":[37],"tags":[2971,3303,63],"_links":{"self":[{"href":"https:\/\/www.elgrillitosuena.com\/inicio\/wp-json\/wp\/v2\/posts\/21392"}],"collection":[{"href":"https:\/\/www.elgrillitosuena.com\/inicio\/wp-json\/wp\/v2\/posts"}],"about":[{"href":"https:\/\/www.elgrillitosuena.com\/inicio\/wp-json\/wp\/v2\/types\/post"}],"author":[{"embeddable":true,"href":"https:\/\/www.elgrillitosuena.com\/inicio\/wp-json\/wp\/v2\/users\/2"}],"replies":[{"embeddable":true,"href":"https:\/\/www.elgrillitosuena.com\/inicio\/wp-json\/wp\/v2\/comments?post=21392"}],"version-history":[{"count":1,"href":"https:\/\/www.elgrillitosuena.com\/inicio\/wp-json\/wp\/v2\/posts\/21392\/revisions"}],"predecessor-version":[{"id":21395,"href":"https:\/\/www.elgrillitosuena.com\/inicio\/wp-json\/wp\/v2\/posts\/21392\/revisions\/21395"}],"wp:featuredmedia":[{"embeddable":true,"href":"https:\/\/www.elgrillitosuena.com\/inicio\/wp-json\/wp\/v2\/media\/21393"}],"wp:attachment":[{"href":"https:\/\/www.elgrillitosuena.com\/inicio\/wp-json\/wp\/v2\/media?parent=21392"}],"wp:term":[{"taxonomy":"category","embeddable":true,"href":"https:\/\/www.elgrillitosuena.com\/inicio\/wp-json\/wp\/v2\/categories?post=21392"},{"taxonomy":"post_tag","embeddable":true,"href":"https:\/\/www.elgrillitosuena.com\/inicio\/wp-json\/wp\/v2\/tags?post=21392"}],"curies":[{"name":"wp","href":"https:\/\/api.w.org\/{rel}","templated":true}]}}