{"id":21315,"date":"2022-09-21T17:38:01","date_gmt":"2022-09-21T17:38:01","guid":{"rendered":"https:\/\/www.elgrillitosuena.com\/inicio\/?p=21315"},"modified":"2022-09-21T17:38:01","modified_gmt":"2022-09-21T17:38:01","slug":"se-instruye-revision-al-centro-de-salud-de-aquila-cerrado-por-danos-post-sismo","status":"publish","type":"post","link":"https:\/\/www.elgrillitosuena.com\/inicio\/noticias\/michoacan\/se-instruye-revision-al-centro-de-salud-de-aquila-cerrado-por-danos-post-sismo\/","title":{"rendered":"Se Instruye revisi\u00f3n al Centro de Salud de Aquila cerrado por da\u00f1os post sismo"},"content":{"rendered":"<p><img decoding=\"async\" loading=\"lazy\" class=\"alignnone  wp-image-21316\" src=\"https:\/\/www.elgrillitosuena.com\/inicio\/wp-content\/uploads\/2022\/09\/b2817ac1-baae-45a4-85ef-e81ae49b51f2-300x200.jpeg\" alt=\"\" width=\"632\" height=\"421\" srcset=\"https:\/\/www.elgrillitosuena.com\/inicio\/wp-content\/uploads\/2022\/09\/b2817ac1-baae-45a4-85ef-e81ae49b51f2-300x200.jpeg 300w, https:\/\/www.elgrillitosuena.com\/inicio\/wp-content\/uploads\/2022\/09\/b2817ac1-baae-45a4-85ef-e81ae49b51f2-1024x682.jpeg 1024w, https:\/\/www.elgrillitosuena.com\/inicio\/wp-content\/uploads\/2022\/09\/b2817ac1-baae-45a4-85ef-e81ae49b51f2-768x512.jpeg 768w, https:\/\/www.elgrillitosuena.com\/inicio\/wp-content\/uploads\/2022\/09\/b2817ac1-baae-45a4-85ef-e81ae49b51f2-1536x1023.jpeg 1536w, https:\/\/www.elgrillitosuena.com\/inicio\/wp-content\/uploads\/2022\/09\/b2817ac1-baae-45a4-85ef-e81ae49b51f2.jpeg 1600w\" sizes=\"(max-width: 632px) 100vw, 632px\" \/><\/p>\n<p>El Centro de Salud de Aquila, ubicado en la cabecera municipal, se encuentra cerrado al p\u00fablico debido a las afectaciones estructurales generadas en el edificio por el sismo que se registr\u00f3 ayer con epicentro en Coalcom\u00e1n.<\/p>\n<p>Lo anterior lo constat\u00f3 el gobernador Alfredo Ram\u00edrez Bedolla y el secretario de Salud, El\u00edas Ibarra Torres, durante un recorrido este martes por el municipio de la Regi\u00f3n Sierra-Costa.<\/p>\n<p>Pese a que la determinaci\u00f3n de cerrar el Centro de Salud no fue del Gobierno de Michoac\u00e1n, autoridades reforzaron los servicios con dos unidades m\u00e9dicas m\u00f3viles del programa de Fortalecimiento a la Atenci\u00f3n M\u00e9dica de la Secretar\u00eda de Salud de Michoac\u00e1n (SSM).<\/p>\n<p>Adem\u00e1s del m\u00f3dulo de atenci\u00f3n m\u00e9dica temporal que habilit\u00f3 el Ayuntamiento de Aquila en una bodega que, en primera instancia, fue considerada como albergue para daminificados, pero el espacio no fue requerido para tal fin, coment\u00f3 el presidente municipal, Jos\u00e9 Mar\u00eda Valencia.<\/p>\n<p>Por lo que el gobernador instruy\u00f3 la revisi\u00f3n y valoraci\u00f3n t\u00e9cnica del inmueble para posteriormente trabajar en su reconstrucci\u00f3n a beneficio de los habitantes de la cabecera municipal y localidades aleda\u00f1as.<\/p>\n<p>El Centro de Salud de Aquila se construy\u00f3 en 2016 y se inagur\u00f3 en 2017, durante la administraci\u00f3n que encabez\u00f3 Silvano Aureoles Conejo.<\/p>\n","protected":false},"excerpt":{"rendered":"<p>El Centro de Salud de Aquila, ubicado en la cabecera municipal, se encuentra cerrado al p\u00fablico debido a las afectaciones estructurales generadas en el edificio por el sismo que se registr\u00f3 ayer con epicentro en Coalcom\u00e1n. Lo anterior lo constat\u00f3 el gobernador Alfredo Ram\u00edrez Bedolla y el secretario de Salud, El\u00edas Ibarra Torres, durante un &hellip;<\/p>\n","protected":false},"author":2,"featured_media":21316,"comment_status":"open","ping_status":"closed","sticky":false,"template":"","format":"standard","meta":[],"categories":[38],"tags":[5422,5423,56],"_links":{"self":[{"href":"https:\/\/www.elgrillitosuena.com\/inicio\/wp-json\/wp\/v2\/posts\/21315"}],"collection":[{"href":"https:\/\/www.elgrillitosuena.com\/inicio\/wp-json\/wp\/v2\/posts"}],"about":[{"href":"https:\/\/www.elgrillitosuena.com\/inicio\/wp-json\/wp\/v2\/types\/post"}],"author":[{"embeddable":true,"href":"https:\/\/www.elgrillitosuena.com\/inicio\/wp-json\/wp\/v2\/users\/2"}],"replies":[{"embeddable":true,"href":"https:\/\/www.elgrillitosuena.com\/inicio\/wp-json\/wp\/v2\/comments?post=21315"}],"version-history":[{"count":1,"href":"https:\/\/www.elgrillitosuena.com\/inicio\/wp-json\/wp\/v2\/posts\/21315\/revisions"}],"predecessor-version":[{"id":21317,"href":"https:\/\/www.elgrillitosuena.com\/inicio\/wp-json\/wp\/v2\/posts\/21315\/revisions\/21317"}],"wp:featuredmedia":[{"embeddable":true,"href":"https:\/\/www.elgrillitosuena.com\/inicio\/wp-json\/wp\/v2\/media\/21316"}],"wp:attachment":[{"href":"https:\/\/www.elgrillitosuena.com\/inicio\/wp-json\/wp\/v2\/media?parent=21315"}],"wp:term":[{"taxonomy":"category","embeddable":true,"href":"https:\/\/www.elgrillitosuena.com\/inicio\/wp-json\/wp\/v2\/categories?post=21315"},{"taxonomy":"post_tag","embeddable":true,"href":"https:\/\/www.elgrillitosuena.com\/inicio\/wp-json\/wp\/v2\/tags?post=21315"}],"curies":[{"name":"wp","href":"https:\/\/api.w.org\/{rel}","templated":true}]}}