{"id":21307,"date":"2022-09-21T17:30:39","date_gmt":"2022-09-21T17:30:39","guid":{"rendered":"https:\/\/www.elgrillitosuena.com\/inicio\/?p=21307"},"modified":"2022-09-21T17:30:39","modified_gmt":"2022-09-21T17:30:39","slug":"inaugura-bedolla-centro-de-salud-en-uruapan","status":"publish","type":"post","link":"https:\/\/www.elgrillitosuena.com\/inicio\/noticias\/michoacan\/inaugura-bedolla-centro-de-salud-en-uruapan\/","title":{"rendered":"Inaugura Bedolla Centro de Salud en Uruapan"},"content":{"rendered":"<p><img decoding=\"async\" loading=\"lazy\" class=\"alignnone  wp-image-21309\" src=\"https:\/\/www.elgrillitosuena.com\/inicio\/wp-content\/uploads\/2022\/09\/dfaaa5e9-9d84-49d5-9892-69e49480bdba-300x200.jpeg\" alt=\"\" width=\"584\" height=\"389\" srcset=\"https:\/\/www.elgrillitosuena.com\/inicio\/wp-content\/uploads\/2022\/09\/dfaaa5e9-9d84-49d5-9892-69e49480bdba-300x200.jpeg 300w, https:\/\/www.elgrillitosuena.com\/inicio\/wp-content\/uploads\/2022\/09\/dfaaa5e9-9d84-49d5-9892-69e49480bdba-1024x682.jpeg 1024w, https:\/\/www.elgrillitosuena.com\/inicio\/wp-content\/uploads\/2022\/09\/dfaaa5e9-9d84-49d5-9892-69e49480bdba-768x511.jpeg 768w, https:\/\/www.elgrillitosuena.com\/inicio\/wp-content\/uploads\/2022\/09\/dfaaa5e9-9d84-49d5-9892-69e49480bdba-310x205.jpeg 310w, https:\/\/www.elgrillitosuena.com\/inicio\/wp-content\/uploads\/2022\/09\/dfaaa5e9-9d84-49d5-9892-69e49480bdba.jpeg 1280w\" sizes=\"(max-width: 584px) 100vw, 584px\" \/><\/p>\n<p>El gobernador Alfredo Ram\u00edrez Bedolla, inaugur\u00f3 el Centro de Salud de Uruapan, el cual beneficiar\u00e1 a 153 mil 270 habitantes de la regi\u00f3n con servicios de salud de primer nivel.<\/p>\n<p>Para dicha obra se destinaron m\u00e1s de 50 millones de pesos, de los cuales, 42 millones de pesos fueron para la construcci\u00f3n del inmueble y 8 millones 400 mil pesos para el equipamiento del mismo.<\/p>\n<p>Las antiguas instalaciones operaban desde 1965, por lo que la sustituci\u00f3n de las mismas era necesaria para mejorar la atenci\u00f3n m\u00e9dica que se brinda a la ciudadan\u00eda.<\/p>\n<p>El secretario de Salud, El\u00edas Ibarra, destac\u00f3 que este centro es h\u00edbrido ya que adem\u00e1s de consulta general, la unidad m\u00e9dica otorgar\u00e1 servicios de especialidades como estomatolog\u00eda, psicolog\u00eda, nutrici\u00f3n, laboratorio, ultrasonido, curaciones, inmunizaciones, detecci\u00f3n oportuna de c\u00e1ncer, estimulaci\u00f3n temprana, hidrataci\u00f3n oral, somatometr\u00eda, entre otros.<\/p>\n<p>Acompa\u00f1aron al gobernador, el presidente municipal Ignacio Benjam\u00edn Campos Equihua, el diputado federal, Carlos Alberto Manzo, la diputada local Mayela del Carmen Salas; adem\u00e1s de personal m\u00e9dico y administrativo y ciudadanos urupenses.<\/p>\n","protected":false},"excerpt":{"rendered":"<p>El gobernador Alfredo Ram\u00edrez Bedolla, inaugur\u00f3 el Centro de Salud de Uruapan, el cual beneficiar\u00e1 a 153 mil 270 habitantes de la regi\u00f3n con servicios de salud de primer nivel. Para dicha obra se destinaron m\u00e1s de 50 millones de pesos, de los cuales, 42 millones de pesos fueron para la construcci\u00f3n del inmueble y &hellip;<\/p>\n","protected":false},"author":2,"featured_media":21309,"comment_status":"open","ping_status":"closed","sticky":false,"template":"","format":"standard","meta":[],"categories":[38],"tags":[1644,56,1588,63],"_links":{"self":[{"href":"https:\/\/www.elgrillitosuena.com\/inicio\/wp-json\/wp\/v2\/posts\/21307"}],"collection":[{"href":"https:\/\/www.elgrillitosuena.com\/inicio\/wp-json\/wp\/v2\/posts"}],"about":[{"href":"https:\/\/www.elgrillitosuena.com\/inicio\/wp-json\/wp\/v2\/types\/post"}],"author":[{"embeddable":true,"href":"https:\/\/www.elgrillitosuena.com\/inicio\/wp-json\/wp\/v2\/users\/2"}],"replies":[{"embeddable":true,"href":"https:\/\/www.elgrillitosuena.com\/inicio\/wp-json\/wp\/v2\/comments?post=21307"}],"version-history":[{"count":1,"href":"https:\/\/www.elgrillitosuena.com\/inicio\/wp-json\/wp\/v2\/posts\/21307\/revisions"}],"predecessor-version":[{"id":21310,"href":"https:\/\/www.elgrillitosuena.com\/inicio\/wp-json\/wp\/v2\/posts\/21307\/revisions\/21310"}],"wp:featuredmedia":[{"embeddable":true,"href":"https:\/\/www.elgrillitosuena.com\/inicio\/wp-json\/wp\/v2\/media\/21309"}],"wp:attachment":[{"href":"https:\/\/www.elgrillitosuena.com\/inicio\/wp-json\/wp\/v2\/media?parent=21307"}],"wp:term":[{"taxonomy":"category","embeddable":true,"href":"https:\/\/www.elgrillitosuena.com\/inicio\/wp-json\/wp\/v2\/categories?post=21307"},{"taxonomy":"post_tag","embeddable":true,"href":"https:\/\/www.elgrillitosuena.com\/inicio\/wp-json\/wp\/v2\/tags?post=21307"}],"curies":[{"name":"wp","href":"https:\/\/api.w.org\/{rel}","templated":true}]}}