{"id":21303,"date":"2022-09-20T19:29:40","date_gmt":"2022-09-20T19:29:40","guid":{"rendered":"https:\/\/www.elgrillitosuena.com\/inicio\/?p=21303"},"modified":"2022-09-20T19:29:40","modified_gmt":"2022-09-20T19:29:40","slug":"gobierno-municipal-continua-con-supervision-de-danos-por-sismo","status":"publish","type":"post","link":"https:\/\/www.elgrillitosuena.com\/inicio\/noticias\/uruapan\/gobierno-municipal-continua-con-supervision-de-danos-por-sismo\/","title":{"rendered":"Gobierno municipal contin\u00faa con supervisi\u00f3n de da\u00f1os por sismo"},"content":{"rendered":"<p><img decoding=\"async\" loading=\"lazy\" class=\"alignnone  wp-image-21304\" src=\"https:\/\/www.elgrillitosuena.com\/inicio\/wp-content\/uploads\/2022\/09\/56079680-6be6-4f8f-91f0-d3580a351af3-300x200.jpeg\" alt=\"\" width=\"594\" height=\"396\" srcset=\"https:\/\/www.elgrillitosuena.com\/inicio\/wp-content\/uploads\/2022\/09\/56079680-6be6-4f8f-91f0-d3580a351af3-300x200.jpeg 300w, https:\/\/www.elgrillitosuena.com\/inicio\/wp-content\/uploads\/2022\/09\/56079680-6be6-4f8f-91f0-d3580a351af3-1024x683.jpeg 1024w, https:\/\/www.elgrillitosuena.com\/inicio\/wp-content\/uploads\/2022\/09\/56079680-6be6-4f8f-91f0-d3580a351af3-768x512.jpeg 768w, https:\/\/www.elgrillitosuena.com\/inicio\/wp-content\/uploads\/2022\/09\/56079680-6be6-4f8f-91f0-d3580a351af3-1536x1024.jpeg 1536w, https:\/\/www.elgrillitosuena.com\/inicio\/wp-content\/uploads\/2022\/09\/56079680-6be6-4f8f-91f0-d3580a351af3.jpeg 1599w\" sizes=\"(max-width: 594px) 100vw, 594px\" \/><\/p>\n<p>Por instrucciones del presidente municipal Ignacio Campos Equihua, autoridades municipales contin\u00faan realizando recorridos en escuelas, hospitales, \u00e1reas p\u00fablicas y edificios, para descartar riesgos y brindar a la ciudadan\u00eda seguridad para la ocupaci\u00f3n y uso de los espacios.<\/p>\n<p>Martha Liliana Victoria B\u00e1ez, secretaria de Desarrollo Urbano y Medio Ambiente (SEDUMA), mencion\u00f3 que estos recorridos se realizan en coordinaci\u00f3n con ingenieros civiles del Colegio Michoacano, Protecci\u00f3n Civil Municipal, representantes de la Secretar\u00eda de Educaci\u00f3n P\u00fablica de Michoac\u00e1n y directivos o titulares de los inmuebles.<\/p>\n<p>En presencia del director de Urbanismo, Anastacio Cuevas L\u00f3pez, mencion\u00f3 que la prioridad del gobierno municipal es contar con la certeza de que el estado de las estructuras e inmuebles no represente riego para los ciudadanos y, que estos puedan realizar las actividades de manera normal y segura.<\/p>\n<p><img decoding=\"async\" loading=\"lazy\" class=\"alignnone  wp-image-21305\" src=\"https:\/\/www.elgrillitosuena.com\/inicio\/wp-content\/uploads\/2022\/09\/64628bf4-df70-4a2d-bcf0-cce857eb390f-300x200.jpeg\" alt=\"\" width=\"599\" height=\"399\" srcset=\"https:\/\/www.elgrillitosuena.com\/inicio\/wp-content\/uploads\/2022\/09\/64628bf4-df70-4a2d-bcf0-cce857eb390f-300x200.jpeg 300w, https:\/\/www.elgrillitosuena.com\/inicio\/wp-content\/uploads\/2022\/09\/64628bf4-df70-4a2d-bcf0-cce857eb390f-1024x683.jpeg 1024w, https:\/\/www.elgrillitosuena.com\/inicio\/wp-content\/uploads\/2022\/09\/64628bf4-df70-4a2d-bcf0-cce857eb390f-768x512.jpeg 768w, https:\/\/www.elgrillitosuena.com\/inicio\/wp-content\/uploads\/2022\/09\/64628bf4-df70-4a2d-bcf0-cce857eb390f-1536x1024.jpeg 1536w, https:\/\/www.elgrillitosuena.com\/inicio\/wp-content\/uploads\/2022\/09\/64628bf4-df70-4a2d-bcf0-cce857eb390f-310x205.jpeg 310w, https:\/\/www.elgrillitosuena.com\/inicio\/wp-content\/uploads\/2022\/09\/64628bf4-df70-4a2d-bcf0-cce857eb390f.jpeg 1599w\" sizes=\"(max-width: 599px) 100vw, 599px\" \/><\/p>\n<p>En este sentido, explic\u00f3 que los recorridos iniciaron el d\u00eda de ayer, luego de que se registro el sismo de 7.7 grados Richter. Inform\u00f3 que durante los recorridos se han verificado instituciones educativas, hospitales, centros comerciales, capillas, templos, hoteles, mercados, puentes, centros deportivos y espacios p\u00fablicos.<\/p>\n<p>Victoria B\u00e1ez se\u00f1al\u00f3 que hasta el momento la escuela secundaria federal General L\u00e1zaro C\u00e1rdenas del R\u00edo (ESFU 1) y el viejo auditorio de la unidad deportiva, son las instalaciones m\u00e1s afectadas, aclarando que los da\u00f1os presentados no comprometen la seguridad estructural, pero s\u00ed requieren trabajo de mantenimiento para garantizar seguridad a estudiantes y usuarios.<\/p>\n<p>Por \u00faltimo, la funcionaria p\u00fablica adelant\u00f3 que se cumplir\u00e1 con esta encomienda del alcalde Nacho Campos, hasta que se tenga la certeza de que no existe ning\u00fan tipo de riesgo para los ciudadanos.<\/p>\n","protected":false},"excerpt":{"rendered":"<p>Por instrucciones del presidente municipal Ignacio Campos Equihua, autoridades municipales contin\u00faan realizando recorridos en escuelas, hospitales, \u00e1reas p\u00fablicas y edificios, para descartar riesgos y brindar a la ciudadan\u00eda seguridad para la ocupaci\u00f3n y uso de los espacios. Martha Liliana Victoria B\u00e1ez, secretaria de Desarrollo Urbano y Medio Ambiente (SEDUMA), mencion\u00f3 que estos recorridos se realizan &hellip;<\/p>\n","protected":false},"author":2,"featured_media":21304,"comment_status":"open","ping_status":"closed","sticky":false,"template":"","format":"standard","meta":[],"categories":[37],"tags":[2971,213,63],"_links":{"self":[{"href":"https:\/\/www.elgrillitosuena.com\/inicio\/wp-json\/wp\/v2\/posts\/21303"}],"collection":[{"href":"https:\/\/www.elgrillitosuena.com\/inicio\/wp-json\/wp\/v2\/posts"}],"about":[{"href":"https:\/\/www.elgrillitosuena.com\/inicio\/wp-json\/wp\/v2\/types\/post"}],"author":[{"embeddable":true,"href":"https:\/\/www.elgrillitosuena.com\/inicio\/wp-json\/wp\/v2\/users\/2"}],"replies":[{"embeddable":true,"href":"https:\/\/www.elgrillitosuena.com\/inicio\/wp-json\/wp\/v2\/comments?post=21303"}],"version-history":[{"count":1,"href":"https:\/\/www.elgrillitosuena.com\/inicio\/wp-json\/wp\/v2\/posts\/21303\/revisions"}],"predecessor-version":[{"id":21306,"href":"https:\/\/www.elgrillitosuena.com\/inicio\/wp-json\/wp\/v2\/posts\/21303\/revisions\/21306"}],"wp:featuredmedia":[{"embeddable":true,"href":"https:\/\/www.elgrillitosuena.com\/inicio\/wp-json\/wp\/v2\/media\/21304"}],"wp:attachment":[{"href":"https:\/\/www.elgrillitosuena.com\/inicio\/wp-json\/wp\/v2\/media?parent=21303"}],"wp:term":[{"taxonomy":"category","embeddable":true,"href":"https:\/\/www.elgrillitosuena.com\/inicio\/wp-json\/wp\/v2\/categories?post=21303"},{"taxonomy":"post_tag","embeddable":true,"href":"https:\/\/www.elgrillitosuena.com\/inicio\/wp-json\/wp\/v2\/tags?post=21303"}],"curies":[{"name":"wp","href":"https:\/\/api.w.org\/{rel}","templated":true}]}}