{"id":20816,"date":"2022-08-08T18:19:00","date_gmt":"2022-08-08T18:19:00","guid":{"rendered":"https:\/\/www.elgrillitosuena.com\/inicio\/?p=20816"},"modified":"2022-08-08T18:19:00","modified_gmt":"2022-08-08T18:19:00","slug":"encabeza-nacho-campos-143-aniversario-del-natalicio-de-emiliano-zapata","status":"publish","type":"post","link":"https:\/\/www.elgrillitosuena.com\/inicio\/noticias\/uruapan\/encabeza-nacho-campos-143-aniversario-del-natalicio-de-emiliano-zapata\/","title":{"rendered":"Encabeza Nacho Campos 143 aniversario del natalicio de Emiliano Zapata"},"content":{"rendered":"<p><img decoding=\"async\" loading=\"lazy\" class=\"alignnone  wp-image-20817\" src=\"https:\/\/www.elgrillitosuena.com\/inicio\/wp-content\/uploads\/2022\/08\/50f9f105-da34-40fa-a226-a86c1bc7432a-300x200.jpeg\" alt=\"\" width=\"569\" height=\"379\" srcset=\"https:\/\/www.elgrillitosuena.com\/inicio\/wp-content\/uploads\/2022\/08\/50f9f105-da34-40fa-a226-a86c1bc7432a-300x200.jpeg 300w, https:\/\/www.elgrillitosuena.com\/inicio\/wp-content\/uploads\/2022\/08\/50f9f105-da34-40fa-a226-a86c1bc7432a-1024x682.jpeg 1024w, https:\/\/www.elgrillitosuena.com\/inicio\/wp-content\/uploads\/2022\/08\/50f9f105-da34-40fa-a226-a86c1bc7432a-768x512.jpeg 768w, https:\/\/www.elgrillitosuena.com\/inicio\/wp-content\/uploads\/2022\/08\/50f9f105-da34-40fa-a226-a86c1bc7432a-1536x1023.jpeg 1536w, https:\/\/www.elgrillitosuena.com\/inicio\/wp-content\/uploads\/2022\/08\/50f9f105-da34-40fa-a226-a86c1bc7432a-310x205.jpeg 310w, https:\/\/www.elgrillitosuena.com\/inicio\/wp-content\/uploads\/2022\/08\/50f9f105-da34-40fa-a226-a86c1bc7432a.jpeg 1600w\" sizes=\"(max-width: 569px) 100vw, 569px\" \/><\/p>\n<p>\u201cEl general Emiliano Zapata Salazar es la figura m\u00e1s trascendental del agrarismo mexicano y el m\u00e1ximo l\u00edder del ej\u00e9rcito libertador del sur\u201d, ya que desde joven luch\u00f3 por la justicia e igualdad del campesino mexicano, destac\u00f3 el representante de la Confederaci\u00f3n Nacional Campesina (CNC) de Uruapan, Jos\u00e9 Luis Mata Talavera.<\/p>\n<p>Ante el H. Ayuntamiento de Uruapan, mandos de la Secretar\u00eda de la Defensa Nacional, Guardia Nacional y Secretar\u00eda de Seguridad P\u00fablica, Tr\u00e1nsito y Vialidad Municipal, entre otros sectores, el orador se\u00f1al\u00f3 que Emiliano Zapata cuando ten\u00eda 9 a\u00f1os vio c\u00f3mo despojaron a su padre de sus tierras, lo cual marc\u00f3 el inicio de su lucha en favor de los campesinos.<\/p>\n<p><img decoding=\"async\" loading=\"lazy\" class=\"alignnone  wp-image-20818\" src=\"https:\/\/www.elgrillitosuena.com\/inicio\/wp-content\/uploads\/2022\/08\/0dba4846-1dfb-4241-803f-e03318ad2802-300x200.jpeg\" alt=\"\" width=\"527\" height=\"351\" srcset=\"https:\/\/www.elgrillitosuena.com\/inicio\/wp-content\/uploads\/2022\/08\/0dba4846-1dfb-4241-803f-e03318ad2802-300x200.jpeg 300w, https:\/\/www.elgrillitosuena.com\/inicio\/wp-content\/uploads\/2022\/08\/0dba4846-1dfb-4241-803f-e03318ad2802-1024x682.jpeg 1024w, https:\/\/www.elgrillitosuena.com\/inicio\/wp-content\/uploads\/2022\/08\/0dba4846-1dfb-4241-803f-e03318ad2802-768x512.jpeg 768w, https:\/\/www.elgrillitosuena.com\/inicio\/wp-content\/uploads\/2022\/08\/0dba4846-1dfb-4241-803f-e03318ad2802-1536x1023.jpeg 1536w, https:\/\/www.elgrillitosuena.com\/inicio\/wp-content\/uploads\/2022\/08\/0dba4846-1dfb-4241-803f-e03318ad2802-310x205.jpeg 310w, https:\/\/www.elgrillitosuena.com\/inicio\/wp-content\/uploads\/2022\/08\/0dba4846-1dfb-4241-803f-e03318ad2802.jpeg 1600w\" sizes=\"(max-width: 527px) 100vw, 527px\" \/><\/p>\n<p>Recalc\u00f3 que el caudillo del sur tom\u00f3 los ideales de Benito Ju\u00e1rez para lograr el reto de recuperar las tierras a los jornaleros, a quienes considera h\u00e9roes an\u00f3nimos, ya que muchos de ellos no cuentan ni con agua para cultivar sus parcelas. Indic\u00f3 que Zapata nunca quiso acceder al poder pol\u00edtico y s\u00f3lo se dedic\u00f3 a defender a la gente del campo.<\/p>\n<p>Mata Talavera manifest\u00f3 que Nacho Campos cuenta con los campesinos para impulsar el progreso de este municipio y ofrece sumar esfuerzos para alcanzar justicia e igualdad para los agraristas. En este marco, el H. Ayuntamiento de Uruapan, ejidos, comunidades y otros sectores montaron guardia de honor y colocaron ofrenda floral junto al monumento a Emiliano Zapata.<\/p>\n","protected":false},"excerpt":{"rendered":"<p>\u201cEl general Emiliano Zapata Salazar es la figura m\u00e1s trascendental del agrarismo mexicano y el m\u00e1ximo l\u00edder del ej\u00e9rcito libertador del sur\u201d, ya que desde joven luch\u00f3 por la justicia e igualdad del campesino mexicano, destac\u00f3 el representante de la Confederaci\u00f3n Nacional Campesina (CNC) de Uruapan, Jos\u00e9 Luis Mata Talavera. Ante el H. Ayuntamiento de &hellip;<\/p>\n","protected":false},"author":2,"featured_media":20817,"comment_status":"open","ping_status":"closed","sticky":false,"template":"","format":"standard","meta":[],"categories":[3116,37],"tags":[173,5321,1588,63,5320],"_links":{"self":[{"href":"https:\/\/www.elgrillitosuena.com\/inicio\/wp-json\/wp\/v2\/posts\/20816"}],"collection":[{"href":"https:\/\/www.elgrillitosuena.com\/inicio\/wp-json\/wp\/v2\/posts"}],"about":[{"href":"https:\/\/www.elgrillitosuena.com\/inicio\/wp-json\/wp\/v2\/types\/post"}],"author":[{"embeddable":true,"href":"https:\/\/www.elgrillitosuena.com\/inicio\/wp-json\/wp\/v2\/users\/2"}],"replies":[{"embeddable":true,"href":"https:\/\/www.elgrillitosuena.com\/inicio\/wp-json\/wp\/v2\/comments?post=20816"}],"version-history":[{"count":1,"href":"https:\/\/www.elgrillitosuena.com\/inicio\/wp-json\/wp\/v2\/posts\/20816\/revisions"}],"predecessor-version":[{"id":20819,"href":"https:\/\/www.elgrillitosuena.com\/inicio\/wp-json\/wp\/v2\/posts\/20816\/revisions\/20819"}],"wp:featuredmedia":[{"embeddable":true,"href":"https:\/\/www.elgrillitosuena.com\/inicio\/wp-json\/wp\/v2\/media\/20817"}],"wp:attachment":[{"href":"https:\/\/www.elgrillitosuena.com\/inicio\/wp-json\/wp\/v2\/media?parent=20816"}],"wp:term":[{"taxonomy":"category","embeddable":true,"href":"https:\/\/www.elgrillitosuena.com\/inicio\/wp-json\/wp\/v2\/categories?post=20816"},{"taxonomy":"post_tag","embeddable":true,"href":"https:\/\/www.elgrillitosuena.com\/inicio\/wp-json\/wp\/v2\/tags?post=20816"}],"curies":[{"name":"wp","href":"https:\/\/api.w.org\/{rel}","templated":true}]}}