{"id":20665,"date":"2022-07-19T18:01:11","date_gmt":"2022-07-19T18:01:11","guid":{"rendered":"https:\/\/www.elgrillitosuena.com\/inicio\/?p=20665"},"modified":"2022-07-19T18:01:11","modified_gmt":"2022-07-19T18:01:11","slug":"comienza-primera-audiencia-en-el-caso-twitter-vs-elon-musk","status":"publish","type":"post","link":"https:\/\/www.elgrillitosuena.com\/inicio\/noticias\/mundo\/comienza-primera-audiencia-en-el-caso-twitter-vs-elon-musk\/","title":{"rendered":"Comienza primera audiencia en el caso Twitter VS Elon Musk"},"content":{"rendered":"<p><img decoding=\"async\" loading=\"lazy\" class=\"alignnone  wp-image-20666\" src=\"https:\/\/www.elgrillitosuena.com\/inicio\/wp-content\/uploads\/2022\/07\/Twitter-Elon-musk-300x169.jpg\" alt=\"\" width=\"602\" height=\"339\" srcset=\"https:\/\/www.elgrillitosuena.com\/inicio\/wp-content\/uploads\/2022\/07\/Twitter-Elon-musk-300x169.jpg 300w, https:\/\/www.elgrillitosuena.com\/inicio\/wp-content\/uploads\/2022\/07\/Twitter-Elon-musk-1024x576.jpg 1024w, https:\/\/www.elgrillitosuena.com\/inicio\/wp-content\/uploads\/2022\/07\/Twitter-Elon-musk-768x432.jpg 768w, https:\/\/www.elgrillitosuena.com\/inicio\/wp-content\/uploads\/2022\/07\/Twitter-Elon-musk.jpg 1200w\" sizes=\"(max-width: 602px) 100vw, 602px\" \/><\/p>\n<p>La batalla judicial entre Twitter y Elon Musk se abri\u00f3 el martes, una semana despu\u00e9s de que la red social iniciara una querella contra el fundador de Tesla y SpaceX para tratar de obligarle a adquirirla.<\/p>\n<p>La plataforma pide a un tribunal especializado en derecho empresarial en el estado de Delaware, que obligue al multimillonario a honrar su promesa de comprar a Twitter por 44 mil millones de d\u00f3lares, luego de que Musk abandonara el acuerdo, que inclu\u00eda una cl\u00e1usula de rescisi\u00f3n.<\/p>\n<p>Hace una semana te contamos en esta nota que la demanda presentada en el estado norteamericano de Delaware insta al tribunal a ordenar a Musk que complete su acuerdo de compra de Twitter, argumentando que ninguna indemnizaci\u00f3n econ\u00f3mica puede reparar el da\u00f1o causado a la compa\u00f1\u00eda.<\/p>\n<p><strong>\u00bfQu\u00e9 dice la demanda de Twitter contra Elon Musk?<\/strong><\/p>\n<p>La conducta de Musk confirma que quiere escapar del contrato vinculante que firm\u00f3 libremente, y da\u00f1ar a Twitter en el proceso&#8221;, sostiene la empresa en la demanda.<\/p>\n<p>Twitter ha sufrido y seguir\u00e1 sufriendo un da\u00f1o irreparable como resultado de los incumplimientos de los demandados&#8221;.<\/p>\n<p>Las acciones de Twitter subieron ligeramente en las operaciones posteriores al mercado cuando se conoci\u00f3 la noticia.<\/p>\n<p>Los analistas aseguran que el anuncio de Musk de cancelar la compra pone a la compa\u00f1\u00eda en una situaci\u00f3n compleja en un momento dif\u00edcil.<\/p>\n","protected":false},"excerpt":{"rendered":"<p>La batalla judicial entre Twitter y Elon Musk se abri\u00f3 el martes, una semana despu\u00e9s de que la red social iniciara una querella contra el fundador de Tesla y SpaceX para tratar de obligarle a adquirirla. La plataforma pide a un tribunal especializado en derecho empresarial en el estado de Delaware, que obligue al multimillonario &hellip;<\/p>\n","protected":false},"author":3,"featured_media":20666,"comment_status":"open","ping_status":"closed","sticky":false,"template":"","format":"standard","meta":[],"categories":[40],"tags":[5292,3343,5291,861],"_links":{"self":[{"href":"https:\/\/www.elgrillitosuena.com\/inicio\/wp-json\/wp\/v2\/posts\/20665"}],"collection":[{"href":"https:\/\/www.elgrillitosuena.com\/inicio\/wp-json\/wp\/v2\/posts"}],"about":[{"href":"https:\/\/www.elgrillitosuena.com\/inicio\/wp-json\/wp\/v2\/types\/post"}],"author":[{"embeddable":true,"href":"https:\/\/www.elgrillitosuena.com\/inicio\/wp-json\/wp\/v2\/users\/3"}],"replies":[{"embeddable":true,"href":"https:\/\/www.elgrillitosuena.com\/inicio\/wp-json\/wp\/v2\/comments?post=20665"}],"version-history":[{"count":1,"href":"https:\/\/www.elgrillitosuena.com\/inicio\/wp-json\/wp\/v2\/posts\/20665\/revisions"}],"predecessor-version":[{"id":20667,"href":"https:\/\/www.elgrillitosuena.com\/inicio\/wp-json\/wp\/v2\/posts\/20665\/revisions\/20667"}],"wp:featuredmedia":[{"embeddable":true,"href":"https:\/\/www.elgrillitosuena.com\/inicio\/wp-json\/wp\/v2\/media\/20666"}],"wp:attachment":[{"href":"https:\/\/www.elgrillitosuena.com\/inicio\/wp-json\/wp\/v2\/media?parent=20665"}],"wp:term":[{"taxonomy":"category","embeddable":true,"href":"https:\/\/www.elgrillitosuena.com\/inicio\/wp-json\/wp\/v2\/categories?post=20665"},{"taxonomy":"post_tag","embeddable":true,"href":"https:\/\/www.elgrillitosuena.com\/inicio\/wp-json\/wp\/v2\/tags?post=20665"}],"curies":[{"name":"wp","href":"https:\/\/api.w.org\/{rel}","templated":true}]}}