{"id":20624,"date":"2022-07-14T16:52:06","date_gmt":"2022-07-14T16:52:06","guid":{"rendered":"https:\/\/www.elgrillitosuena.com\/inicio\/?p=20624"},"modified":"2022-07-15T17:58:13","modified_gmt":"2022-07-15T17:58:13","slug":"firma-bedolla-primera-declaratoria-de-zona-de-restauracion-ambiental-en-el-cerro-el-cobrero","status":"publish","type":"post","link":"https:\/\/www.elgrillitosuena.com\/inicio\/noticias\/michoacan\/firma-bedolla-primera-declaratoria-de-zona-de-restauracion-ambiental-en-el-cerro-el-cobrero\/","title":{"rendered":"Firma Bedolla primera declaratoria de Zona de Restauraci\u00f3n Ambiental en el cerro El Cobrero"},"content":{"rendered":"<p><img decoding=\"async\" loading=\"lazy\" class=\"alignnone  wp-image-20625\" src=\"https:\/\/www.elgrillitosuena.com\/inicio\/wp-content\/uploads\/2022\/07\/8bf39057-5ffc-4ca1-8a26-5f6f21f98419-300x198.jpeg\" alt=\"\" width=\"600\" height=\"396\" srcset=\"https:\/\/www.elgrillitosuena.com\/inicio\/wp-content\/uploads\/2022\/07\/8bf39057-5ffc-4ca1-8a26-5f6f21f98419-300x198.jpeg 300w, https:\/\/www.elgrillitosuena.com\/inicio\/wp-content\/uploads\/2022\/07\/8bf39057-5ffc-4ca1-8a26-5f6f21f98419-1024x675.jpeg 1024w, https:\/\/www.elgrillitosuena.com\/inicio\/wp-content\/uploads\/2022\/07\/8bf39057-5ffc-4ca1-8a26-5f6f21f98419-768x506.jpeg 768w, https:\/\/www.elgrillitosuena.com\/inicio\/wp-content\/uploads\/2022\/07\/8bf39057-5ffc-4ca1-8a26-5f6f21f98419-310x205.jpeg 310w, https:\/\/www.elgrillitosuena.com\/inicio\/wp-content\/uploads\/2022\/07\/8bf39057-5ffc-4ca1-8a26-5f6f21f98419.jpeg 1280w\" sizes=\"(max-width: 600px) 100vw, 600px\" \/><\/p>\n<p>El gobernador Alfredo Ram\u00edrez Bedolla firm\u00f3 la primera, de alrededor de 20 declaratorias de Zona de Restauraci\u00f3n Ambiental, en el cerro El Cobrero; adem\u00e1s, sign\u00f3 como testigo, convenio con seis municipios y la comunidad ind\u00edgena de Santa Cruz Tanaco, para reforzar la inspecci\u00f3n y vigilancia de los bosques.<\/p>\n<p>Durante el arranque de campa\u00f1a de reforestaci\u00f3n &#8220;Bosques y selvas por la humanidad&#8221;, el titular del Ejecutivo estatal emiti\u00f3 la declaratoria para proteger del cambio de uso de suelo, alrededor de 800 hect\u00e1reas siniestradas por incendios en esta zona de Ziracuaretiro.<\/p>\n<p><img decoding=\"async\" loading=\"lazy\" class=\"alignnone  wp-image-20626\" src=\"https:\/\/www.elgrillitosuena.com\/inicio\/wp-content\/uploads\/2022\/07\/c4d768a7-5fe2-4321-afa5-2d3a65660b03-300x200.jpeg\" alt=\"\" width=\"605\" height=\"403\" srcset=\"https:\/\/www.elgrillitosuena.com\/inicio\/wp-content\/uploads\/2022\/07\/c4d768a7-5fe2-4321-afa5-2d3a65660b03-300x200.jpeg 300w, https:\/\/www.elgrillitosuena.com\/inicio\/wp-content\/uploads\/2022\/07\/c4d768a7-5fe2-4321-afa5-2d3a65660b03-1024x682.jpeg 1024w, https:\/\/www.elgrillitosuena.com\/inicio\/wp-content\/uploads\/2022\/07\/c4d768a7-5fe2-4321-afa5-2d3a65660b03-768x512.jpeg 768w, https:\/\/www.elgrillitosuena.com\/inicio\/wp-content\/uploads\/2022\/07\/c4d768a7-5fe2-4321-afa5-2d3a65660b03-310x205.jpeg 310w, https:\/\/www.elgrillitosuena.com\/inicio\/wp-content\/uploads\/2022\/07\/c4d768a7-5fe2-4321-afa5-2d3a65660b03.jpeg 1280w\" sizes=\"(max-width: 605px) 100vw, 605px\" \/><\/p>\n<p>En su intervenci\u00f3n, Ram\u00edrez Bedolla enfatiz\u00f3 que con este documento se refuerza la ley con la que se proh\u00edbe y castiga el cambio de uso de suelo de los bosques afectados por quemas, que en su mayor\u00eda, son provocadas para fines agr\u00edcolas y ganaderas.<\/p>\n<p>Refiri\u00f3 que debido a que anteriores gobiernos se mostraron permisibles a actividades ilegales como la tala de bosques y proliferaci\u00f3n de cultivos en \u00e1reas naturales, actualmente se tiene una crisis ambiental en Michoac\u00e1n, por lo que enfatiz\u00f3, que solo a trav\u00e9s de la coordinaci\u00f3n entre autoridades, sociedad, comunidades ind\u00edgenas y ejidatarios, se pueden revertir estos da\u00f1os que tambi\u00e9n ocasionan el cambio clim\u00e1tico.<\/p>\n<p>&#8220;Tenemos que garantizar un esquema que nos permita aprovechar de manera sustentable los recursos naturales como lo han ense\u00f1ado las comunidades ind\u00edgenas, por ello, estamos obligados a generar las condiciones para que los ecosistemas de Michoac\u00e1n sigan siendo de los m\u00e1s importantes del pa\u00eds&#8221;, afirm\u00f3.<\/p>\n<p>Como parte de la estrategia, destac\u00f3 que continuar\u00e1 el trabajo conjunto con instituciones del gobierno federal y se reforzar\u00e1 a la Comisi\u00f3n Forestal del Estado con mayor presupuesto a fin de que incremente la producci\u00f3n de pino para reforestaci\u00f3n, adem\u00e1s de que los helic\u00f3pteros del estado, seguir\u00e1n a disposici\u00f3n para atenci\u00f3n de emergencias ambientales y hospitalarias.<\/p>\n<p>Por su parte, Alejandro M\u00e9ndez L\u00f3pez, secretario de Medio Ambiente, inform\u00f3 que este a\u00f1o se registraron 570 incendios forestales con una afectaci\u00f3n a 20 mil hect\u00e1reas de superficie, lo que posicion\u00f3 al estado en el tercer lugar nacional por quemas y noveno en \u00e1reas siniestradas.<\/p>\n<p>El director general de la Cofom, Rosendo Caro G\u00f3mez, agreg\u00f3 que ante esa situaci\u00f3n y para reforzar la vigilancia de los bosques, se determin\u00f3 firmar convenios con Tac\u00e1mbaro, Madero, Turicato, Ziracuaretiro, Uruapan, San Juan Nuevo Parangaricutiro y la comunidad de Santa Cruz Tanaco, para fortalecer las capacidades de inspecci\u00f3n y evitar el cambio de uso de suelo.<\/p>\n","protected":false},"excerpt":{"rendered":"<p>El gobernador Alfredo Ram\u00edrez Bedolla firm\u00f3 la primera, de alrededor de 20 declaratorias de Zona de Restauraci\u00f3n Ambiental, en el cerro El Cobrero; adem\u00e1s, sign\u00f3 como testigo, convenio con seis municipios y la comunidad ind\u00edgena de Santa Cruz Tanaco, para reforzar la inspecci\u00f3n y vigilancia de los bosques. Durante el arranque de campa\u00f1a de reforestaci\u00f3n &hellip;<\/p>\n","protected":false},"author":2,"featured_media":20626,"comment_status":"open","ping_status":"closed","sticky":false,"template":"","format":"standard","meta":[],"categories":[38],"tags":[1644,56,5285,5284],"_links":{"self":[{"href":"https:\/\/www.elgrillitosuena.com\/inicio\/wp-json\/wp\/v2\/posts\/20624"}],"collection":[{"href":"https:\/\/www.elgrillitosuena.com\/inicio\/wp-json\/wp\/v2\/posts"}],"about":[{"href":"https:\/\/www.elgrillitosuena.com\/inicio\/wp-json\/wp\/v2\/types\/post"}],"author":[{"embeddable":true,"href":"https:\/\/www.elgrillitosuena.com\/inicio\/wp-json\/wp\/v2\/users\/2"}],"replies":[{"embeddable":true,"href":"https:\/\/www.elgrillitosuena.com\/inicio\/wp-json\/wp\/v2\/comments?post=20624"}],"version-history":[{"count":1,"href":"https:\/\/www.elgrillitosuena.com\/inicio\/wp-json\/wp\/v2\/posts\/20624\/revisions"}],"predecessor-version":[{"id":20627,"href":"https:\/\/www.elgrillitosuena.com\/inicio\/wp-json\/wp\/v2\/posts\/20624\/revisions\/20627"}],"wp:featuredmedia":[{"embeddable":true,"href":"https:\/\/www.elgrillitosuena.com\/inicio\/wp-json\/wp\/v2\/media\/20626"}],"wp:attachment":[{"href":"https:\/\/www.elgrillitosuena.com\/inicio\/wp-json\/wp\/v2\/media?parent=20624"}],"wp:term":[{"taxonomy":"category","embeddable":true,"href":"https:\/\/www.elgrillitosuena.com\/inicio\/wp-json\/wp\/v2\/categories?post=20624"},{"taxonomy":"post_tag","embeddable":true,"href":"https:\/\/www.elgrillitosuena.com\/inicio\/wp-json\/wp\/v2\/tags?post=20624"}],"curies":[{"name":"wp","href":"https:\/\/api.w.org\/{rel}","templated":true}]}}