{"id":20621,"date":"2022-07-14T13:59:58","date_gmt":"2022-07-14T13:59:58","guid":{"rendered":"https:\/\/www.elgrillitosuena.com\/inicio\/?p=20621"},"modified":"2022-07-15T17:53:48","modified_gmt":"2022-07-15T17:53:48","slug":"arranca-bedolla-primer-foro-hacia-una-ley-de-movilidad-y-seguridad-vial-estatal","status":"publish","type":"post","link":"https:\/\/www.elgrillitosuena.com\/inicio\/noticias\/michoacan\/arranca-bedolla-primer-foro-hacia-una-ley-de-movilidad-y-seguridad-vial-estatal\/","title":{"rendered":"Arranca Bedolla primer Foro hacia una Ley de Movilidad y Seguridad Vial Estatal"},"content":{"rendered":"<p><img decoding=\"async\" loading=\"lazy\" class=\"alignnone wp-image-20622\" src=\"https:\/\/www.elgrillitosuena.com\/inicio\/wp-content\/uploads\/2022\/07\/dc24072d-47ab-4e2f-b3cc-e14be5a17f0c-300x200.jpeg\" alt=\"\" width=\"584\" height=\"389\" srcset=\"https:\/\/www.elgrillitosuena.com\/inicio\/wp-content\/uploads\/2022\/07\/dc24072d-47ab-4e2f-b3cc-e14be5a17f0c-300x200.jpeg 300w, https:\/\/www.elgrillitosuena.com\/inicio\/wp-content\/uploads\/2022\/07\/dc24072d-47ab-4e2f-b3cc-e14be5a17f0c-1024x682.jpeg 1024w, https:\/\/www.elgrillitosuena.com\/inicio\/wp-content\/uploads\/2022\/07\/dc24072d-47ab-4e2f-b3cc-e14be5a17f0c-768x512.jpeg 768w, https:\/\/www.elgrillitosuena.com\/inicio\/wp-content\/uploads\/2022\/07\/dc24072d-47ab-4e2f-b3cc-e14be5a17f0c-1536x1023.jpeg 1536w, https:\/\/www.elgrillitosuena.com\/inicio\/wp-content\/uploads\/2022\/07\/dc24072d-47ab-4e2f-b3cc-e14be5a17f0c-310x205.jpeg 310w, https:\/\/www.elgrillitosuena.com\/inicio\/wp-content\/uploads\/2022\/07\/dc24072d-47ab-4e2f-b3cc-e14be5a17f0c.jpeg 1600w\" sizes=\"(max-width: 584px) 100vw, 584px\" \/><\/p>\n<p>El gobernador Alfredo Ram\u00edrez Bedolla arranc\u00f3 el primer Foro hacia una Ley de Movilidad y Seguridad Vial Estatal, que busca promover la participaci\u00f3n de diversos sectores sociales y pol\u00edticos en la generaci\u00f3n de un marco legal y regulatorio que garantice el derecho a la movilidad inclusiva y segura.<\/p>\n<p>En su intervenci\u00f3n, el mandatario explic\u00f3 que hay un plazo hasta el 21 de noviembre del presente a\u00f1o para alinear la legislaci\u00f3n local con las disposiciones federales en la materia, no obstante, consider\u00f3 que es una determinaci\u00f3n del Gobierno de Michoac\u00e1n promover una ley estatal en la que participen todos los sectores y que corresponda a la realidad de la entidad.<\/p>\n<p>\u201cPara tener una buena ley de seguridad vial se debe consensuar con todos los sectores a fin de que su aplicaci\u00f3n se lleve a cabo, porque si emitimos y aprobamos algo que no fue consensuado y se impone, seguramente no se va aplica&#8221;, manifest\u00f3.<\/p>\n<p>Por su parte, la Secretar\u00eda de Desarrollo Urbano y Movilidad (Sedum), Gladyz Butanda Mac\u00edas, indic\u00f3 que el compromiso de la dependencia a su cargo es la generaci\u00f3n de acciones y pol\u00edticas p\u00fablicas mediante el di\u00e1logo y la inclusi\u00f3n de ideas, por lo que consider\u00f3 que este foro ser\u00e1 determinante para que la Ley de Movilidad y Seguridad Vial del Estado de Michoac\u00e1n sea una realidad.<\/p>\n<p>El foro cont\u00f3 con la presidenta de la comisi\u00f3n de Zonas Metropolitanas y Movilidad en el Senado de la Rep\u00fablica, Patricia Mercado Castro, quien destac\u00f3 que la Ley de Movilidad y Seguridad Vial jugar\u00e1 un papel muy importante para los gobiernos en los pr\u00f3ximos a\u00f1os.<\/p>\n<p>Explic\u00f3 que los estados deben garantizar el derecho a la movilidad con seguridad vial, accesibilidad, sostenibilidad e inclusi\u00f3n, pues diariamente 44 personas pierden la vida en el pa\u00eds en accidentes viales, de las cuales, tres son ni\u00f1os, por lo que se constituye como la principal causa de muerte infantil en M\u00e9xico.<\/p>\n<p>Estuvieron presentes tambi\u00e9n el secretario de Gobierno, Carlos Torres Pi\u00f1a; el secretario de Comunicaciones y Obras Publicas (SCOP), Jos\u00e9 Zavala Nolasco; el presidente municipal de Morelia, Alfonso Mart\u00ednez Alc\u00e1zar; la presidente de la Comisi\u00f3n de Comunicaciones y Transportes del Congreso del Estado, Julieta Garc\u00eda Cepeda; la titular del Consejo Nacional de Prevenci\u00f3n de Accidentes, Ana Luc\u00eda de la Garza Barroso; as\u00ed como autoridades federales y municipales, representantes de universidades, organizaciones civiles y de transportistas.<\/p>\n","protected":false},"excerpt":{"rendered":"<p>El gobernador Alfredo Ram\u00edrez Bedolla arranc\u00f3 el primer Foro hacia una Ley de Movilidad y Seguridad Vial Estatal, que busca promover la participaci\u00f3n de diversos sectores sociales y pol\u00edticos en la generaci\u00f3n de un marco legal y regulatorio que garantice el derecho a la movilidad inclusiva y segura. En su intervenci\u00f3n, el mandatario explic\u00f3 que &hellip;<\/p>\n","protected":false},"author":2,"featured_media":20622,"comment_status":"open","ping_status":"closed","sticky":false,"template":"","format":"standard","meta":[],"categories":[38],"tags":[1644,56,5283],"_links":{"self":[{"href":"https:\/\/www.elgrillitosuena.com\/inicio\/wp-json\/wp\/v2\/posts\/20621"}],"collection":[{"href":"https:\/\/www.elgrillitosuena.com\/inicio\/wp-json\/wp\/v2\/posts"}],"about":[{"href":"https:\/\/www.elgrillitosuena.com\/inicio\/wp-json\/wp\/v2\/types\/post"}],"author":[{"embeddable":true,"href":"https:\/\/www.elgrillitosuena.com\/inicio\/wp-json\/wp\/v2\/users\/2"}],"replies":[{"embeddable":true,"href":"https:\/\/www.elgrillitosuena.com\/inicio\/wp-json\/wp\/v2\/comments?post=20621"}],"version-history":[{"count":1,"href":"https:\/\/www.elgrillitosuena.com\/inicio\/wp-json\/wp\/v2\/posts\/20621\/revisions"}],"predecessor-version":[{"id":20623,"href":"https:\/\/www.elgrillitosuena.com\/inicio\/wp-json\/wp\/v2\/posts\/20621\/revisions\/20623"}],"wp:featuredmedia":[{"embeddable":true,"href":"https:\/\/www.elgrillitosuena.com\/inicio\/wp-json\/wp\/v2\/media\/20622"}],"wp:attachment":[{"href":"https:\/\/www.elgrillitosuena.com\/inicio\/wp-json\/wp\/v2\/media?parent=20621"}],"wp:term":[{"taxonomy":"category","embeddable":true,"href":"https:\/\/www.elgrillitosuena.com\/inicio\/wp-json\/wp\/v2\/categories?post=20621"},{"taxonomy":"post_tag","embeddable":true,"href":"https:\/\/www.elgrillitosuena.com\/inicio\/wp-json\/wp\/v2\/tags?post=20621"}],"curies":[{"name":"wp","href":"https:\/\/api.w.org\/{rel}","templated":true}]}}