{"id":20591,"date":"2022-07-13T23:35:54","date_gmt":"2022-07-13T23:35:54","guid":{"rendered":"https:\/\/www.elgrillitosuena.com\/inicio\/?p=20591"},"modified":"2022-07-13T23:35:54","modified_gmt":"2022-07-13T23:35:54","slug":"amlo-se-reune-con-empresarios-en-eu-hablamos-de-cooperacion-inversion-y-soberania-senala-el-presidente","status":"publish","type":"post","link":"https:\/\/www.elgrillitosuena.com\/inicio\/noticias\/mexico\/amlo-se-reune-con-empresarios-en-eu-hablamos-de-cooperacion-inversion-y-soberania-senala-el-presidente\/","title":{"rendered":"AMLO se re\u00fane con empresarios en EU; &#8220;hablamos de cooperaci\u00f3n, inversi\u00f3n y soberan\u00eda&#8221;, se\u00f1ala el presidente"},"content":{"rendered":"<p><img decoding=\"async\" src=\"https:\/\/cdn-3.expansion.mx\/dims4\/default\/ef2d77f\/2147483647\/strip\/true\/crop\/1200x800+0+0\/resize\/1200x800!\/format\/webp\/quality\/90\/?url=https%3A%2F%2Fcdn-3.expansion.mx%2F25%2Fd1%2Feae74e724fff9acf0ccc23e51539%2Famlo-empresarios-washington-2-2.jpeg\" alt=\"AMLO se re\u00fane con empresarios de EU y M\u00e9xico en Washington\" \/><\/p>\n<div>\n<p>Empresas estadounidenses realizar\u00e1n nuevas inversiones en M\u00e9xico por\u00a040,000 millones de d\u00f3lares hasta 2024, dijo este mi\u00e9rcoles el canciller, Marcelo Ebrard, al ofrecer detalles de una reuni\u00f3n en Washington entre el presidente\u00a0Andr\u00e9s Manuel L\u00f3pez Obrador\u00a0y empresarios de ambas naciones.<\/p>\n<\/div>\n<div>\n<p>Entre lo asistentes est\u00e1n Carlos Slim Hel\u00fa y Carlos Slim Domit, de Grupo Carso; Francisco Cervantes, presidente del Consejo Coordinador Empresarial (CCE); y Antonio Del Valle, presidente del Consejo Mexicano de Negocios.<\/p>\n<\/div>\n<div>\n<p>El mandatario comparti\u00f3 fotograf\u00edas junto a los empresarios al finalizar la reuni\u00f3n y detall\u00f3 que se habl\u00f3 de\u00a0\u201ccooperaci\u00f3n econ\u00f3mica, inversi\u00f3n, soberan\u00eda y progreso con justicia\u201d.<\/p>\n<p>\u201cEn desayuno con el\u00a0CEO Dialogue US-M\u00e9xico, el presidente L\u00f3pez Obrador informa que las inversiones de empresas de EU en nuestro pa\u00eds que ser\u00e1n efectuadas entre esta fecha y 2024 suman ya 40 mil millones de d\u00f3lares.\u00a0Buenas noticias para M\u00e9xico!!\u201c, dijo Ebrard en Twitter.<\/p>\n<div>\n<p>La secretaria de Econom\u00eda, Tatiana Clouthier, comparti\u00f3 parte de los temas que abord\u00f3 el mandatario, como el tema empresarial en el sector energ\u00e9tico y el trabajo conjunto en materia de migraci\u00f3n.<\/p>\n<\/div>\n<div>\n<p>\u201cAfirma que viene a escuchar a las empresas energ\u00e9ticas, Sempra de EU y Slim del lado mexicano\u201d, se\u00f1al\u00f3 la funcionaria.<\/p>\n<div>\n<p>Andr\u00e9s Manuel L\u00f3pez Obrador inici\u00f3 el martes una visita a Estados Unidos en la que se reuni\u00f3 con\u00a0su hom\u00f3logo Joe Biden.<\/p>\n<\/div>\n<div>\n<p>En la v\u00edspera, ambos gobiernos informaron en un comunicado que acordaron la compra por parte de M\u00e9xico de hasta\u00a020,000 toneladas de leche en polvo y de hasta un mill\u00f3n de toneladas de fertilizante\u00a0(sulfato de amonio) de Estados Unidos.<\/p>\n<div>\n<p>Este mi\u00e9rcoles, el canciller mexicano neg\u00f3 que la a inversi\u00f3n millonaria acordada por Estados Unidos y M\u00e9xico ayer est\u00e9 enfocada a contener la migraci\u00f3n.<\/p>\n<\/div>\n<div>\n<p>\u201cNo ser\u00eda el objetivo, el objetivo es facilitar el comercio\u201d, dijo a\u00a0<em>Reforma<\/em>\u00a0afuera del Instituto Cultural Mexicano.<\/p>\n<\/div>\n<div>\n<p>El comisionado del Instituto Nacional de Migraci\u00f3n,\u00a0Francisco Gardu\u00f1o,\u00a0tambi\u00e9n neg\u00f3 que se trate de una inversi\u00f3n para asuntos migratorios.<\/p>\n<\/div>\n<div>\n<p>Al ser cuestionado sobre si M\u00e9xico est\u00e1 pagando el muro, como lo han comparado con el muro de Trump, Gardu\u00f1o afirm\u00f3 que\u00a0\u201d el muro de Trump est\u00e1 como el muro de Berl\u00edn\u201d.<\/p>\n<p>Con informaci\u00f3n de Aristegui Noticias<\/p>\n<\/div>\n<\/div>\n<\/div>\n<\/div>\n","protected":false},"excerpt":{"rendered":"<p>Empresas estadounidenses realizar\u00e1n nuevas inversiones en M\u00e9xico por\u00a040,000 millones de d\u00f3lares hasta 2024, dijo este mi\u00e9rcoles el canciller, Marcelo Ebrard, al ofrecer detalles de una reuni\u00f3n en Washington entre el presidente\u00a0Andr\u00e9s Manuel L\u00f3pez Obrador\u00a0y empresarios de ambas naciones. Entre lo asistentes est\u00e1n Carlos Slim Hel\u00fa y Carlos Slim Domit, de Grupo Carso; Francisco Cervantes, presidente &hellip;<\/p>\n","protected":false},"author":6,"featured_media":20592,"comment_status":"open","ping_status":"closed","sticky":false,"template":"","format":"standard","meta":[],"categories":[39,40],"tags":[98,64,405],"_links":{"self":[{"href":"https:\/\/www.elgrillitosuena.com\/inicio\/wp-json\/wp\/v2\/posts\/20591"}],"collection":[{"href":"https:\/\/www.elgrillitosuena.com\/inicio\/wp-json\/wp\/v2\/posts"}],"about":[{"href":"https:\/\/www.elgrillitosuena.com\/inicio\/wp-json\/wp\/v2\/types\/post"}],"author":[{"embeddable":true,"href":"https:\/\/www.elgrillitosuena.com\/inicio\/wp-json\/wp\/v2\/users\/6"}],"replies":[{"embeddable":true,"href":"https:\/\/www.elgrillitosuena.com\/inicio\/wp-json\/wp\/v2\/comments?post=20591"}],"version-history":[{"count":1,"href":"https:\/\/www.elgrillitosuena.com\/inicio\/wp-json\/wp\/v2\/posts\/20591\/revisions"}],"predecessor-version":[{"id":20593,"href":"https:\/\/www.elgrillitosuena.com\/inicio\/wp-json\/wp\/v2\/posts\/20591\/revisions\/20593"}],"wp:featuredmedia":[{"embeddable":true,"href":"https:\/\/www.elgrillitosuena.com\/inicio\/wp-json\/wp\/v2\/media\/20592"}],"wp:attachment":[{"href":"https:\/\/www.elgrillitosuena.com\/inicio\/wp-json\/wp\/v2\/media?parent=20591"}],"wp:term":[{"taxonomy":"category","embeddable":true,"href":"https:\/\/www.elgrillitosuena.com\/inicio\/wp-json\/wp\/v2\/categories?post=20591"},{"taxonomy":"post_tag","embeddable":true,"href":"https:\/\/www.elgrillitosuena.com\/inicio\/wp-json\/wp\/v2\/tags?post=20591"}],"curies":[{"name":"wp","href":"https:\/\/api.w.org\/{rel}","templated":true}]}}