{"id":20550,"date":"2022-07-13T15:43:49","date_gmt":"2022-07-13T15:43:49","guid":{"rendered":"https:\/\/www.elgrillitosuena.com\/inicio\/?p=20550"},"modified":"2022-07-13T15:43:49","modified_gmt":"2022-07-13T15:43:49","slug":"mexico-declara-el-inicio-de-la-emergencia-por-sequia-con-mas-de-570-municipios-afectados","status":"publish","type":"post","link":"https:\/\/www.elgrillitosuena.com\/inicio\/noticias\/mexico\/mexico-declara-el-inicio-de-la-emergencia-por-sequia-con-mas-de-570-municipios-afectados\/","title":{"rendered":"M\u00e9xico declara el inicio de la emergencia por sequ\u00eda con m\u00e1s de 570 municipios afectados"},"content":{"rendered":"<p><img decoding=\"async\" loading=\"lazy\" class=\"alignnone  wp-image-20551\" src=\"https:\/\/www.elgrillitosuena.com\/inicio\/wp-content\/uploads\/2022\/07\/62cdc32ce9ff71596018c39c-300x211.jpg\" alt=\"\" width=\"751\" height=\"528\" srcset=\"https:\/\/www.elgrillitosuena.com\/inicio\/wp-content\/uploads\/2022\/07\/62cdc32ce9ff71596018c39c-300x211.jpg 300w, https:\/\/www.elgrillitosuena.com\/inicio\/wp-content\/uploads\/2022\/07\/62cdc32ce9ff71596018c39c-768x540.jpg 768w, https:\/\/www.elgrillitosuena.com\/inicio\/wp-content\/uploads\/2022\/07\/62cdc32ce9ff71596018c39c.jpg 951w\" sizes=\"(max-width: 751px) 100vw, 751px\" \/><\/p>\n<p>El Gobierno mexicano public\u00f3 este martes en la edici\u00f3n matutina del Diario Oficial de la Federaci\u00f3n (DOF) el decreto sobre el inicio de emergencia por sequ\u00eda en el territorio nacional ante la escasez de agua en cuencas.<\/p>\n<p>La Comisi\u00f3n Nacional del Agua (Conagua) <a href=\"https:\/\/www.dof.gob.mx\/nota_detalle.php?codigo=5657697&amp;fecha=12\/07\/2022#gsc.tab=0\" target=\"_blank\" rel=\"noopener noreferrer\">declar\u00f3<\/a> as\u00ed el &#8220;inicio de emergencia por ocurrencia de sequ\u00eda,\u00a0en virtud de que a la fecha se ha determinado en diversas cuencas del pa\u00eds, <strong>la condici\u00f3n de este fen\u00f3meno\u00a0natural en sus modalidades de severa, extrema o excepcional<\/strong>&#8220;.<\/p>\n<h3>Estado de sequ\u00eda<\/h3>\n<p>El \u00faltimo reporte del Monitor de Sequ\u00eda de M\u00e9xico, que recaba\u00a0informaci\u00f3n hasta el 30 de junio, muestra que 571 municipios del pa\u00eds (el 23,2 % del total) experimentaban alg\u00fan grado de sequ\u00eda.<\/p>\n<div class=\"Text-root Text-type_5 ArticleView-text ViewText-root \">\n<p>En dos entidades del norte (<strong>Baja California y Sonora<\/strong>) y en un estado del centronorte (<strong>Aguascalientes<\/strong>), el <strong>total de municipios presentaba\u00a0<\/strong>esta<strong> anomal\u00eda climatol\u00f3gica<\/strong>.<\/p>\n<p>Mientras que en los estados norte\u00f1os de Chihuahua y Coahuila la sequ\u00eda abarcaba al 95,5 % y 94,7 % de sus municipios, respectivamente.<\/p>\n<p>Con el acuerdo publicado este martes en el DOF, la Conagua podr\u00e1 ordenar\u00a0la &#8220;reducci\u00f3n provisional de vol\u00famenes a los usuarios de las cuencas que se\u00a0encuentren en condici\u00f3n de sequ\u00eda severa, extrema o excepcional&#8221;, a fin de abastecer agua, para uso\u00a0dom\u00e9stico y p\u00fablico urbano, a &#8220;las poblaciones que se encuentren sin este recurso natural por efecto de dicho\u00a0fen\u00f3meno&#8221;.<\/p>\n<\/div>\n<div class=\"ArticleView-tags\">\n<div class=\"Tags-wrapper\">\n<div id=\"tags-js\" class=\"Tags-root Tags-default\"><\/div>\n<\/div>\n<\/div>\n","protected":false},"excerpt":{"rendered":"<p>El Gobierno mexicano public\u00f3 este martes en la edici\u00f3n matutina del Diario Oficial de la Federaci\u00f3n (DOF) el decreto sobre el inicio de emergencia por sequ\u00eda en el territorio nacional ante la escasez de agua en cuencas. La Comisi\u00f3n Nacional del Agua (Conagua) declar\u00f3 as\u00ed el &#8220;inicio de emergencia por ocurrencia de sequ\u00eda,\u00a0en virtud de &hellip;<\/p>\n","protected":false},"author":6,"featured_media":20551,"comment_status":"open","ping_status":"closed","sticky":false,"template":"","format":"standard","meta":[],"categories":[39,51],"tags":[474,521,156,724,2190],"_links":{"self":[{"href":"https:\/\/www.elgrillitosuena.com\/inicio\/wp-json\/wp\/v2\/posts\/20550"}],"collection":[{"href":"https:\/\/www.elgrillitosuena.com\/inicio\/wp-json\/wp\/v2\/posts"}],"about":[{"href":"https:\/\/www.elgrillitosuena.com\/inicio\/wp-json\/wp\/v2\/types\/post"}],"author":[{"embeddable":true,"href":"https:\/\/www.elgrillitosuena.com\/inicio\/wp-json\/wp\/v2\/users\/6"}],"replies":[{"embeddable":true,"href":"https:\/\/www.elgrillitosuena.com\/inicio\/wp-json\/wp\/v2\/comments?post=20550"}],"version-history":[{"count":1,"href":"https:\/\/www.elgrillitosuena.com\/inicio\/wp-json\/wp\/v2\/posts\/20550\/revisions"}],"predecessor-version":[{"id":20552,"href":"https:\/\/www.elgrillitosuena.com\/inicio\/wp-json\/wp\/v2\/posts\/20550\/revisions\/20552"}],"wp:featuredmedia":[{"embeddable":true,"href":"https:\/\/www.elgrillitosuena.com\/inicio\/wp-json\/wp\/v2\/media\/20551"}],"wp:attachment":[{"href":"https:\/\/www.elgrillitosuena.com\/inicio\/wp-json\/wp\/v2\/media?parent=20550"}],"wp:term":[{"taxonomy":"category","embeddable":true,"href":"https:\/\/www.elgrillitosuena.com\/inicio\/wp-json\/wp\/v2\/categories?post=20550"},{"taxonomy":"post_tag","embeddable":true,"href":"https:\/\/www.elgrillitosuena.com\/inicio\/wp-json\/wp\/v2\/tags?post=20550"}],"curies":[{"name":"wp","href":"https:\/\/api.w.org\/{rel}","templated":true}]}}