{"id":20347,"date":"2022-06-30T21:09:40","date_gmt":"2022-06-30T21:09:40","guid":{"rendered":"https:\/\/www.elgrillitosuena.com\/inicio\/?p=20347"},"modified":"2022-06-30T21:09:40","modified_gmt":"2022-06-30T21:09:40","slug":"este-ano-va-a-quedar-lo-de-ayotzinapa-esclarecido-promete-amlo","status":"publish","type":"post","link":"https:\/\/www.elgrillitosuena.com\/inicio\/noticias\/mexico\/este-ano-va-a-quedar-lo-de-ayotzinapa-esclarecido-promete-amlo\/","title":{"rendered":"\u201cEste a\u00f1o va a quedar lo de Ayotzinapa esclarecido\u201d, promete AMLO"},"content":{"rendered":"<p><img decoding=\"async\" src=\"https:\/\/heraldodemexico.com.mx\/u\/fotografias\/m\/2022\/6\/30\/f960x540-535451_609526_0.jpg\" alt=\"El caso de los desaparecidos de Ayotzinapa sigue abierto.\" \/><\/p>\n<p>Este a\u00f1o quedar\u00e1 resuelto\u00a0el\u00a0caso\u00a0de la\u00a0desaparici\u00f3n\u00a0de los\u00a043 normalistas de Ayotzinapa,\u00a0hecho ocurrido en 2014, para que se pueda \u201ccerrar este cap\u00edtulo triste en la vida de las familias\u201d de los estudiantes, prometi\u00f3 el presidente\u00a0Andr\u00e9s Manuel L\u00f3pez Obrador.<\/p>\n<p>\u201cS\u00ed, este a\u00f1o va a quedar ya lo de Ayotzinapa\u201d, contest\u00f3 al ser cuestionado en su\u00a0conferencia Ma\u00f1anera\u00a0en Palacio Nacional.<\/p>\n<p>Al hablar del pr\u00f3ximo informe que dar\u00e1 este viernes por el cuarto aniversario de su triunfo electoral, reconoci\u00f3 que esclarecer el caso, al momento, es una promesa incumplida de su gobierno, pero resalt\u00f3 que\u00a0ya se est\u00e1 cerca de la verdad.<\/p>\n<blockquote><p>\u201cS\u00ed, ya sabemos lo que sucedi\u00f3, nos faltan algunas cosas para complementarlas porque, acu\u00e9rdense que tambi\u00e9n es un proceso judicial, y se pueden tener pruebas, pero hay que certificarlas, validarlas de acuerdo a procedimientos, peroya tenemos mucho avance,\u00a0que es una de las demandas incumplidas o de los compromisos que hice que no he podido cumplir\u201d, indic\u00f3.<\/p><\/blockquote>\n<p>Explic\u00f3 que en su informe de este viernes no entrar\u00e1 en detalles del caso de los estudiantes ni de otros temas. Sin embargo, expuso que\u00a0en su informe del 1 de septiembre\u00a0por el cuarto a\u00f1o de su gobierno\u00a0presentar\u00e1 datos m\u00e1s puntuales\u00a0de acciones de su gobierno.<\/p>\n<blockquote><p>\u201cC\u00f3mo tengo otro informe para el d\u00eda 1 de septiembre, y es el oficial, estoy reservando tambi\u00e9n cosas para exponerlas de manera m\u00e1s puntuales. Pero s\u00ed voy a hablar de c\u00f3mo, desde hace muchos a\u00f1os, expusimos y lo puedo probar lo que iba a ser nuestro gobierno y c\u00f3mo hemos cumplido con lo que propusimos\u201d, se\u00f1al\u00f3.<\/p><\/blockquote>\n<h2>Sobre la estigmatizaci\u00f3n de Iguala<\/h2>\n<p>Se pregunt\u00f3 a L\u00f3pez Obrador sobre acciones de su gobierno para\u00a0revertir la estigmatizaci\u00f3n para Iguala, Guerrero, y el impacto econ\u00f3mico que le ha generado a partir de la desaparici\u00f3n de los estudiantes.<\/p>\n<p>\u201cCoincido con la gente de que se trata de una\u00a0poblaci\u00f3n trabajadora,\u00a0muy buchona, toda la gente de Iguala y de toda la regi\u00f3n. Lamentablemente sucedieron estos hechos que trascendieron, que dieron a conocer en el mundo y siempre se habla de Iguala, pero tenemos que ir buscando el que\u00a0no se estigmatice a Iguala<strong>.<\/strong><\/p>\n<div class=\"widget-twitter\">\n<div class=\"widget widget-twitter\">\n<p>Y lo mejor es que se combata la violencia, y se est\u00e1 haciendo, no hay el mismo n\u00famero de cr\u00edmenes en Iguala que hay en otras partes\u201d, se\u00f1al\u00f3 el mandatario federal.<\/p>\n<p>Sin dar fecha, adelant\u00f3 que visitar\u00e1 pr\u00f3ximamente los poblados de la tierra caliente de Guerrero.<\/p>\n<p>\u201cVoy a estar un fin de semana en Altamirano, Teloloapan, todos los pueblos de la tierra caliente los voy a visitar. Entonces, tienen raz\u00f3n, gente muy trabajadora, muy emprendedora, todo el trabajo que se hace con la plata, la joyer\u00eda es de primera, es como Taxco, entonces, s\u00ed, vamos a seguir trabajando y al mismo tiempo, como ya lo planteamos, se sigue avanzando en la investigaci\u00f3n para que podamos cerrar este cap\u00edtulo triste en la vida de las familias de los j\u00f3venes y de todos\u201d, indic\u00f3.<\/p>\n<p>Con informaci\u00f3n de Heraldo de M\u00e9xico<\/p>\n<\/div>\n<\/div>\n","protected":false},"excerpt":{"rendered":"<p>Este a\u00f1o quedar\u00e1 resuelto\u00a0el\u00a0caso\u00a0de la\u00a0desaparici\u00f3n\u00a0de los\u00a043 normalistas de Ayotzinapa,\u00a0hecho ocurrido en 2014, para que se pueda \u201ccerrar este cap\u00edtulo triste en la vida de las familias\u201d de los estudiantes, prometi\u00f3 el presidente\u00a0Andr\u00e9s Manuel L\u00f3pez Obrador. \u201cS\u00ed, este a\u00f1o va a quedar ya lo de Ayotzinapa\u201d, contest\u00f3 al ser cuestionado en su\u00a0conferencia Ma\u00f1anera\u00a0en Palacio Nacional. Al &hellip;<\/p>\n","protected":false},"author":6,"featured_media":20348,"comment_status":"open","ping_status":"closed","sticky":false,"template":"","format":"standard","meta":[],"categories":[39],"tags":[98,2695],"_links":{"self":[{"href":"https:\/\/www.elgrillitosuena.com\/inicio\/wp-json\/wp\/v2\/posts\/20347"}],"collection":[{"href":"https:\/\/www.elgrillitosuena.com\/inicio\/wp-json\/wp\/v2\/posts"}],"about":[{"href":"https:\/\/www.elgrillitosuena.com\/inicio\/wp-json\/wp\/v2\/types\/post"}],"author":[{"embeddable":true,"href":"https:\/\/www.elgrillitosuena.com\/inicio\/wp-json\/wp\/v2\/users\/6"}],"replies":[{"embeddable":true,"href":"https:\/\/www.elgrillitosuena.com\/inicio\/wp-json\/wp\/v2\/comments?post=20347"}],"version-history":[{"count":1,"href":"https:\/\/www.elgrillitosuena.com\/inicio\/wp-json\/wp\/v2\/posts\/20347\/revisions"}],"predecessor-version":[{"id":20349,"href":"https:\/\/www.elgrillitosuena.com\/inicio\/wp-json\/wp\/v2\/posts\/20347\/revisions\/20349"}],"wp:featuredmedia":[{"embeddable":true,"href":"https:\/\/www.elgrillitosuena.com\/inicio\/wp-json\/wp\/v2\/media\/20348"}],"wp:attachment":[{"href":"https:\/\/www.elgrillitosuena.com\/inicio\/wp-json\/wp\/v2\/media?parent=20347"}],"wp:term":[{"taxonomy":"category","embeddable":true,"href":"https:\/\/www.elgrillitosuena.com\/inicio\/wp-json\/wp\/v2\/categories?post=20347"},{"taxonomy":"post_tag","embeddable":true,"href":"https:\/\/www.elgrillitosuena.com\/inicio\/wp-json\/wp\/v2\/tags?post=20347"}],"curies":[{"name":"wp","href":"https:\/\/api.w.org\/{rel}","templated":true}]}}