{"id":20344,"date":"2022-06-30T21:05:15","date_gmt":"2022-06-30T21:05:15","guid":{"rendered":"https:\/\/www.elgrillitosuena.com\/inicio\/?p=20344"},"modified":"2022-06-30T21:05:15","modified_gmt":"2022-06-30T21:05:15","slug":"corte-suprema-de-eu-respalda-a-biden-para-eliminar-programa-quedate-en-mexico","status":"publish","type":"post","link":"https:\/\/www.elgrillitosuena.com\/inicio\/noticias\/mundo\/corte-suprema-de-eu-respalda-a-biden-para-eliminar-programa-quedate-en-mexico\/","title":{"rendered":"Corte Suprema de EU respalda a Biden para eliminar programa &#8216;Qu\u00e9date en M\u00e9xico&#8217;"},"content":{"rendered":"<p><img decoding=\"async\" src=\"https:\/\/cdn2.excelsior.com.mx\/media\/styles\/image800x600\/public\/pictures\/2022\/06\/30\/2780508.jpg\" alt=\"Decenas de migrantes parados con algunos camiones al fondo\" \/><\/p>\n<p>La\u00a0Corte Suprema de Estados Unidos\u00a0se puso el jueves del lado del presidente\u00a0Joe Biden\u00a0en su intento de poner fin a una pol\u00edtica iniciada por su predecesor\u00a0Donald Trump, que oblig\u00f3 a decenas de miles de migrantes a permanecer en M\u00e9xico a la espera de audiencias sobre sus solicitudes de asilo.<\/p>\n<p>Los magistrados, en un fallo de 5-4, anularon una decisi\u00f3n de un tribunal federal de apelaciones que\u00a0exig\u00eda reiniciar la pol\u00edtica de Trump de &#8220;permanecer en M\u00e9xico&#8221;\u00a0despu\u00e9s de que los estados de Texas y Missouri, gobernados por republicanos, demandaran el mantenimiento del programa.<\/p>\n<p>El fallo es una victoria para Biden, que apel\u00f3 la decisi\u00f3n del tribunal inferior, y su plan para implementar un\u00a0enfoque m\u00e1s &#8220;humano&#8221; en la frontera con M\u00e9xico.<\/p>\n<p>Los jueces concluyeron que el Tribunal de Apelaciones del 5\u00ba Circuito, con sede en Nueva Orleans, se equivoc\u00f3 al considerar que la ley federal de inmigraci\u00f3n exig\u00eda enviar a los migrantes de vuelta a M\u00e9xico si no hab\u00eda espacio suficiente para detenerlos en Estados Unidos.<\/p>\n<p>Los jueces tambi\u00e9n desestimaron la decisi\u00f3n del 5\u00ba Circuito de anular la decisi\u00f3n del gobierno de junio de 2021 de poner fin al programa.<\/p>\n<p>El gobierno de Trump adopt\u00f3 en 2018 la pol\u00edtica, formalmente llamada &#8220;Protocolos de Protecci\u00f3n de Migrantes&#8221;, en respuesta a un aumento de la migraci\u00f3n a lo largo de la frontera entre Estados Unidos y M\u00e9xico.<\/p>\n<p>Impidi\u00f3 que ciertos migrantes no mexicanos, incluidos los solicitantes de asilo que temen ser perseguidos en sus pa\u00edses de origen, sean liberados en Estados Unidos para esperar los procedimientos de inmigraci\u00f3n.<\/p>\n<p>Biden suspendi\u00f3 la pol\u00edtica en enero de 2021, poco despu\u00e9s de asumir el cargo, y actu\u00f3 para rescindirla cinco meses despu\u00e9s. Alrededor de\u00a068 mil\u00a0personas fueron afectadas por la norma desde que entr\u00f3 en vigor\u00a0en 2019 y hasta que Biden la suspendi\u00f3.<\/p>\n<p>El n\u00famero de migrantes atrapados al cruzar la frontera entre Estados Unidos y M\u00e9xico ha alcanzado r\u00e9cords recientemente. Los republicanos han criticado las pol\u00edticas de inmigraci\u00f3n de Biden y sostienen que la norma de &#8220;permanecer en M\u00e9xico&#8221; disuadi\u00f3 efectivamente la migraci\u00f3n ilegal.<\/p>\n<p>Con informaci\u00f3n de Exc\u00e9lsior<\/p>\n","protected":false},"excerpt":{"rendered":"<p>La\u00a0Corte Suprema de Estados Unidos\u00a0se puso el jueves del lado del presidente\u00a0Joe Biden\u00a0en su intento de poner fin a una pol\u00edtica iniciada por su predecesor\u00a0Donald Trump, que oblig\u00f3 a decenas de miles de migrantes a permanecer en M\u00e9xico a la espera de audiencias sobre sus solicitudes de asilo. Los magistrados, en un fallo de 5-4, &hellip;<\/p>\n","protected":false},"author":6,"featured_media":20345,"comment_status":"open","ping_status":"closed","sticky":false,"template":"","format":"standard","meta":[],"categories":[40],"tags":[706,306],"_links":{"self":[{"href":"https:\/\/www.elgrillitosuena.com\/inicio\/wp-json\/wp\/v2\/posts\/20344"}],"collection":[{"href":"https:\/\/www.elgrillitosuena.com\/inicio\/wp-json\/wp\/v2\/posts"}],"about":[{"href":"https:\/\/www.elgrillitosuena.com\/inicio\/wp-json\/wp\/v2\/types\/post"}],"author":[{"embeddable":true,"href":"https:\/\/www.elgrillitosuena.com\/inicio\/wp-json\/wp\/v2\/users\/6"}],"replies":[{"embeddable":true,"href":"https:\/\/www.elgrillitosuena.com\/inicio\/wp-json\/wp\/v2\/comments?post=20344"}],"version-history":[{"count":1,"href":"https:\/\/www.elgrillitosuena.com\/inicio\/wp-json\/wp\/v2\/posts\/20344\/revisions"}],"predecessor-version":[{"id":20346,"href":"https:\/\/www.elgrillitosuena.com\/inicio\/wp-json\/wp\/v2\/posts\/20344\/revisions\/20346"}],"wp:featuredmedia":[{"embeddable":true,"href":"https:\/\/www.elgrillitosuena.com\/inicio\/wp-json\/wp\/v2\/media\/20345"}],"wp:attachment":[{"href":"https:\/\/www.elgrillitosuena.com\/inicio\/wp-json\/wp\/v2\/media?parent=20344"}],"wp:term":[{"taxonomy":"category","embeddable":true,"href":"https:\/\/www.elgrillitosuena.com\/inicio\/wp-json\/wp\/v2\/categories?post=20344"},{"taxonomy":"post_tag","embeddable":true,"href":"https:\/\/www.elgrillitosuena.com\/inicio\/wp-json\/wp\/v2\/tags?post=20344"}],"curies":[{"name":"wp","href":"https:\/\/api.w.org\/{rel}","templated":true}]}}