{"id":19912,"date":"2022-06-17T17:16:37","date_gmt":"2022-06-17T17:16:37","guid":{"rendered":"https:\/\/www.elgrillitosuena.com\/inicio\/?p=19912"},"modified":"2022-06-17T17:16:37","modified_gmt":"2022-06-17T17:16:37","slug":"amlo-mediara-audiencia-de-empresarios-mexicanos-con-biden","status":"publish","type":"post","link":"https:\/\/www.elgrillitosuena.com\/inicio\/noticias\/mexico\/amlo-mediara-audiencia-de-empresarios-mexicanos-con-biden\/","title":{"rendered":"AMLO mediar\u00e1 audiencia de empresarios mexicanos con Biden"},"content":{"rendered":"<p><img decoding=\"async\" src=\"https:\/\/heraldodemexico.com.mx\/u\/fotografias\/m\/2022\/6\/17\/f960x540-529400_603475_0.jpg\" alt=\"L\u00f3pez Obrador indic\u00f3 que el objetivo es buscar mayor integraci\u00f3n de inversiones privadas entre ambas naciones. FOTO: Especial\" \/><\/p>\n<p>El presidente\u00a0Andr\u00e9s Manuel L\u00f3pez Obrador\u00a0pedir\u00e1 a su par de Estados Unidos,\u00a0Joe Biden, que en el pr\u00f3ximo encuentro que sostendr\u00e1n en julio, en Washington, se abra\u00a0una mesa de\u00a0di\u00e1logo con empresarios mexicanos y estadounidenses, a fin de buscar\u00a0mayor integraci\u00f3n de inversiones privadas\u00a0entre ambas naciones.<\/p>\n<p>La\u00a0solicitud de audiencia con Biden\u00a0fue acordada durante la comida que\u00a0L\u00f3pez Obrador\u00a0tuvo ayer con integrantes del\u00a0Consejo Mexicano de Negocios\u00a0(CMN) y del\u00a0Consejo Coordinador Empresarial\u00a0(CCE), en el Museo Kaluz, en el Centro Hist\u00f3rico.<\/p>\n<p>\u201cVamos a ver si tenemos una mesa conjunta de\u00a0empresarios mexicanos y estadounidenses. Eso fue lo que ayer acordamos\u2026 Ellos dijeron que quer\u00edan estar. Y yo les propuse que iba yo a pedirle al\u00a0presidente Biden\u00a0que nos acompa\u00f1aran y que se invitara a\u00a0empresarios estadounidenses\u201d, explic\u00f3.<\/p>\n<h2>Empresarios\u00a0interesados en trabajar en acciones conjuntas: AMLO<\/h2>\n<p><img decoding=\"async\" src=\"https:\/\/heraldodemexico.com.mx\/u\/fotografias\/m\/2022\/6\/17\/f768x1-529401_529528_0.jpg\" \/><\/p>\n<p>De acuerdo al\u00a0presidente de la Rep\u00fablica, losempresarios mexicanos\u00a0est\u00e1n interesados en trabajar en acciones conjuntas para \u201censamblar\u201d inversiones privadas nacionales con la\u00a0Inversi\u00f3n Extranjera Directa\u00a0(IED) que lleva al pa\u00eds.<\/p>\n<p>\u201cTambi\u00e9n hablamos de estas oportunidades, dec\u00f3mo fortalecer la integraci\u00f3n econ\u00f3mica para captar m\u00e1s inversi\u00f3n extranjera, c\u00f3mo articular ensamblar inversi\u00f3n nacional con\u00a0inversi\u00f3n extranjera\u201d, apunt\u00f3.<\/p>\n<p>L\u00f3pez Obrador\u00a0neg\u00f3 que la\u00a0IP\u00a0le haya manifestado preocupaciones en su \u00faltimo encuentro, pero s\u00ed\u00a0inquietudes en el sector energ\u00e9tico\u00a0\u201cNo, nada especial. Un poco el que se abra una mesa para analizar las\u00a0exportaciones de gas.<\/p>\n<p>\u201cComo ustedes saben, la\u00a0CFE\u00a0tiene gas excedente y se est\u00e1 procurando que se utilice ese gas, que\u00a0se paga con el dinero de los mexicanos\u00a0y tambi\u00e9n para no perjudicar a la CFE y no aumentar el precio de la luz.<\/p>\n<p>\u201cPero ellos tambi\u00e9n importan gas. Entonces,\u00a0se acord\u00f3 abrirse una mesa de di\u00e1logo y buscar una soluci\u00f3n, como lo hacemos en todo\u201d, explic\u00f3.<\/p>\n<h2>Va\u00a0reuni\u00f3n extensa con Biden<\/h2>\n<p>L\u00f3pez Obrador\u00a0dijo que al momento\u00a0no hay fecha para el encuentro con Biden, pero dijo que podr\u00eda ser\u00a0despu\u00e9s del 15 de julio.\u00a0Sin embargo, adelant\u00f3 que ser\u00e1 una reuni\u00f3n larga.<\/p>\n<p>\u201cYo creo que va a ser un d\u00eda completo, de distintos temas, adem\u00e1s de que el me ha mandado a decir que el\u00a0quiere platicar conmigo\u00a0no s\u00f3lo de\u00a0asuntos econ\u00f3micos, de varios temas, platicar, conversar, pero desde luego vamos a tratar asuntos que tienen que ver con la\u00a0cooperaci\u00f3n econ\u00f3mica,\u00a0que tienen que ver con el apoyo a los pa\u00edses de\u00a0Centroam\u00e9rica\u00a0con el prop\u00f3sito de enfrentar el\u00a0fen\u00f3meno migratorio; me importa mucho tratarle lo de las\u00a0visas temporales de trabajo\u00a0para ordenar el flujo migratorio\u201d, expuso.<\/p>\n<p>Con informaci\u00f3n de Heraldo de M\u00e9xico<\/p>\n","protected":false},"excerpt":{"rendered":"<p>El presidente\u00a0Andr\u00e9s Manuel L\u00f3pez Obrador\u00a0pedir\u00e1 a su par de Estados Unidos,\u00a0Joe Biden, que en el pr\u00f3ximo encuentro que sostendr\u00e1n en julio, en Washington, se abra\u00a0una mesa de\u00a0di\u00e1logo con empresarios mexicanos y estadounidenses, a fin de buscar\u00a0mayor integraci\u00f3n de inversiones privadas\u00a0entre ambas naciones. La\u00a0solicitud de audiencia con Biden\u00a0fue acordada durante la comida que\u00a0L\u00f3pez Obrador\u00a0tuvo ayer con &hellip;<\/p>\n","protected":false},"author":6,"featured_media":19913,"comment_status":"open","ping_status":"closed","sticky":false,"template":"","format":"standard","meta":[],"categories":[39],"tags":[98,2060,64,706],"_links":{"self":[{"href":"https:\/\/www.elgrillitosuena.com\/inicio\/wp-json\/wp\/v2\/posts\/19912"}],"collection":[{"href":"https:\/\/www.elgrillitosuena.com\/inicio\/wp-json\/wp\/v2\/posts"}],"about":[{"href":"https:\/\/www.elgrillitosuena.com\/inicio\/wp-json\/wp\/v2\/types\/post"}],"author":[{"embeddable":true,"href":"https:\/\/www.elgrillitosuena.com\/inicio\/wp-json\/wp\/v2\/users\/6"}],"replies":[{"embeddable":true,"href":"https:\/\/www.elgrillitosuena.com\/inicio\/wp-json\/wp\/v2\/comments?post=19912"}],"version-history":[{"count":1,"href":"https:\/\/www.elgrillitosuena.com\/inicio\/wp-json\/wp\/v2\/posts\/19912\/revisions"}],"predecessor-version":[{"id":19914,"href":"https:\/\/www.elgrillitosuena.com\/inicio\/wp-json\/wp\/v2\/posts\/19912\/revisions\/19914"}],"wp:featuredmedia":[{"embeddable":true,"href":"https:\/\/www.elgrillitosuena.com\/inicio\/wp-json\/wp\/v2\/media\/19913"}],"wp:attachment":[{"href":"https:\/\/www.elgrillitosuena.com\/inicio\/wp-json\/wp\/v2\/media?parent=19912"}],"wp:term":[{"taxonomy":"category","embeddable":true,"href":"https:\/\/www.elgrillitosuena.com\/inicio\/wp-json\/wp\/v2\/categories?post=19912"},{"taxonomy":"post_tag","embeddable":true,"href":"https:\/\/www.elgrillitosuena.com\/inicio\/wp-json\/wp\/v2\/tags?post=19912"}],"curies":[{"name":"wp","href":"https:\/\/api.w.org\/{rel}","templated":true}]}}