{"id":19525,"date":"2022-06-03T15:44:57","date_gmt":"2022-06-03T15:44:57","guid":{"rendered":"https:\/\/www.elgrillitosuena.com\/inicio\/?p=19525"},"modified":"2022-06-03T17:51:38","modified_gmt":"2022-06-03T17:51:38","slug":"encabeza-nacho-campos-161-aniversario-luctuoso-de-melchor-ocampo","status":"publish","type":"post","link":"https:\/\/www.elgrillitosuena.com\/inicio\/noticias\/uruapan\/encabeza-nacho-campos-161-aniversario-luctuoso-de-melchor-ocampo\/","title":{"rendered":"Encabeza Nacho Campos 161 aniversario luctuoso de Melchor Ocampo"},"content":{"rendered":"<p><img decoding=\"async\" loading=\"lazy\" class=\"alignnone wp-image-19526\" src=\"https:\/\/www.elgrillitosuena.com\/inicio\/wp-content\/uploads\/2022\/06\/Unknown-300x200.jpg\" alt=\"\" width=\"717\" height=\"478\" srcset=\"https:\/\/www.elgrillitosuena.com\/inicio\/wp-content\/uploads\/2022\/06\/Unknown-300x200.jpg 300w, https:\/\/www.elgrillitosuena.com\/inicio\/wp-content\/uploads\/2022\/06\/Unknown-1024x682.jpg 1024w, https:\/\/www.elgrillitosuena.com\/inicio\/wp-content\/uploads\/2022\/06\/Unknown-768x512.jpg 768w, https:\/\/www.elgrillitosuena.com\/inicio\/wp-content\/uploads\/2022\/06\/Unknown.jpg 1280w\" sizes=\"(max-width: 717px) 100vw, 717px\" \/><\/p>\n<p>Melchor Ocampo fue uno de los pilares de la naci\u00f3n, figura humanista que utiliz\u00f3 la raz\u00f3n y las leyes como armas fundamentales para reformar e impulsar una mejor sociedad.<br \/>\nFue el mensaje que destac\u00f3 Mar\u00eda Isabel Far\u00edas Acosta, integrante de la logia simb\u00f3lica Salmo 133 y oradora oficial del acto c\u00edvico, con que se record\u00f3 en Uruapan el 161 aniversario luctuoso del ilustre michoacano.<br \/>\nAnte el H. Ayuntamiento de Uruapan, presidido por Ignacio Campos Equihua; integrantes de las respetables logias mas\u00f3nicas, alumnos y profesores de la secundaria t\u00e9cnica 85 y p\u00fablico en general, la oradora subray\u00f3 que Ocampo fue un destacado cient\u00edfico, diplom\u00e1tico, humanista, hombre de leyes y sobre todo, un patriota que traz\u00f3 la ruta del desarrollo de nuestro pa\u00eds.<br \/>\nA\u00f1adi\u00f3 que fue un gran nicolaita, de figura luminosa que siempre luch\u00f3 por construir un mejor M\u00e9xico, con libertad y soberan\u00eda. En este marco, autoridades municipales, logias mas\u00f3nicas y otros sectores, colocaron ofrenda floral, montaron guardia de honor y guardaron minuto de silencio junto al busto del homenajeado.<\/p>\n","protected":false},"excerpt":{"rendered":"<p>Melchor Ocampo fue uno de los pilares de la naci\u00f3n, figura humanista que utiliz\u00f3 la raz\u00f3n y las leyes como armas fundamentales para reformar e impulsar una mejor sociedad. Fue el mensaje que destac\u00f3 Mar\u00eda Isabel Far\u00edas Acosta, integrante de la logia simb\u00f3lica Salmo 133 y oradora oficial del acto c\u00edvico, con que se record\u00f3 &hellip;<\/p>\n","protected":false},"author":6,"featured_media":19526,"comment_status":"open","ping_status":"closed","sticky":false,"template":"","format":"standard","meta":[],"categories":[37],"tags":[],"_links":{"self":[{"href":"https:\/\/www.elgrillitosuena.com\/inicio\/wp-json\/wp\/v2\/posts\/19525"}],"collection":[{"href":"https:\/\/www.elgrillitosuena.com\/inicio\/wp-json\/wp\/v2\/posts"}],"about":[{"href":"https:\/\/www.elgrillitosuena.com\/inicio\/wp-json\/wp\/v2\/types\/post"}],"author":[{"embeddable":true,"href":"https:\/\/www.elgrillitosuena.com\/inicio\/wp-json\/wp\/v2\/users\/6"}],"replies":[{"embeddable":true,"href":"https:\/\/www.elgrillitosuena.com\/inicio\/wp-json\/wp\/v2\/comments?post=19525"}],"version-history":[{"count":1,"href":"https:\/\/www.elgrillitosuena.com\/inicio\/wp-json\/wp\/v2\/posts\/19525\/revisions"}],"predecessor-version":[{"id":19527,"href":"https:\/\/www.elgrillitosuena.com\/inicio\/wp-json\/wp\/v2\/posts\/19525\/revisions\/19527"}],"wp:featuredmedia":[{"embeddable":true,"href":"https:\/\/www.elgrillitosuena.com\/inicio\/wp-json\/wp\/v2\/media\/19526"}],"wp:attachment":[{"href":"https:\/\/www.elgrillitosuena.com\/inicio\/wp-json\/wp\/v2\/media?parent=19525"}],"wp:term":[{"taxonomy":"category","embeddable":true,"href":"https:\/\/www.elgrillitosuena.com\/inicio\/wp-json\/wp\/v2\/categories?post=19525"},{"taxonomy":"post_tag","embeddable":true,"href":"https:\/\/www.elgrillitosuena.com\/inicio\/wp-json\/wp\/v2\/tags?post=19525"}],"curies":[{"name":"wp","href":"https:\/\/api.w.org\/{rel}","templated":true}]}}