{"id":19515,"date":"2022-06-02T17:42:01","date_gmt":"2022-06-02T17:42:01","guid":{"rendered":"https:\/\/www.elgrillitosuena.com\/inicio\/?p=19515"},"modified":"2022-06-02T17:42:01","modified_gmt":"2022-06-02T17:42:01","slug":"buscan-en-uruapan-acabar-con-la-desercion-escolar-con-becas-padrino","status":"publish","type":"post","link":"https:\/\/www.elgrillitosuena.com\/inicio\/noticias\/uruapan\/buscan-en-uruapan-acabar-con-la-desercion-escolar-con-becas-padrino\/","title":{"rendered":"Buscan en Uruapan acabar con la deserci\u00f3n escolar con Becas Padrino"},"content":{"rendered":"<p><img decoding=\"async\" loading=\"lazy\" class=\" wp-image-19517\" src=\"https:\/\/www.elgrillitosuena.com\/inicio\/wp-content\/uploads\/2022\/06\/desercion-escolar-aumentar-pandemia-archivo-300x200.jpeg\" alt=\"\" width=\"614\" height=\"409\" srcset=\"https:\/\/www.elgrillitosuena.com\/inicio\/wp-content\/uploads\/2022\/06\/desercion-escolar-aumentar-pandemia-archivo-300x200.jpeg 300w, https:\/\/www.elgrillitosuena.com\/inicio\/wp-content\/uploads\/2022\/06\/desercion-escolar-aumentar-pandemia-archivo-1024x683.jpeg 1024w, https:\/\/www.elgrillitosuena.com\/inicio\/wp-content\/uploads\/2022\/06\/desercion-escolar-aumentar-pandemia-archivo-768x512.jpeg 768w, https:\/\/www.elgrillitosuena.com\/inicio\/wp-content\/uploads\/2022\/06\/desercion-escolar-aumentar-pandemia-archivo-310x205.jpeg 310w, https:\/\/www.elgrillitosuena.com\/inicio\/wp-content\/uploads\/2022\/06\/desercion-escolar-aumentar-pandemia-archivo.jpeg 1200w\" sizes=\"(max-width: 614px) 100vw, 614px\" \/><\/p>\n<p><span style=\"font-size: 16px;\">Al ser la educaci\u00f3n plataforma del desarrollo integral del ser humano, el presidente municipal de Uruapan, Ignacio Campos Equihua y la presidenta honoraria del DIF municipal, Yadira del Roc\u00edo Ram\u00edrez Mora, invitan al sector empresarial a que apadrinen a infantes, que se vieron en la necesidad de abandonar los estudios, para trabajar y colaborar al sustento familiar.<\/span><\/p>\n<p><img decoding=\"async\" loading=\"lazy\" class=\"alignnone  wp-image-19518\" src=\"https:\/\/www.elgrillitosuena.com\/inicio\/wp-content\/uploads\/2022\/06\/WhatsApp-Image-2022-06-02-at-12.39.31-1-300x200.jpeg\" alt=\"\" width=\"582\" height=\"388\" srcset=\"https:\/\/www.elgrillitosuena.com\/inicio\/wp-content\/uploads\/2022\/06\/WhatsApp-Image-2022-06-02-at-12.39.31-1-300x200.jpeg 300w, https:\/\/www.elgrillitosuena.com\/inicio\/wp-content\/uploads\/2022\/06\/WhatsApp-Image-2022-06-02-at-12.39.31-1-768x512.jpeg 768w, https:\/\/www.elgrillitosuena.com\/inicio\/wp-content\/uploads\/2022\/06\/WhatsApp-Image-2022-06-02-at-12.39.31-1.jpeg 1024w\" sizes=\"(max-width: 582px) 100vw, 582px\" \/><\/p>\n<p>En el municipio de Uruapan se calcula que hay un aproximado de 100 mil ni\u00f1os y adolescentes, de los cuales, el 10 por ciento labora vendiendo dulces, limpiando parabrisas, haciendo malabares en calles y cruceros, entre otras actividades. Estudios del DIF municipal indican que cada menor gana entre 500 y 900 pesos por semana.<\/p>\n<p>En su mensaje, el alcalde y su esposa pidieron a los integrantes de Canaco y Canacintra Uruapan, que se sumen este esfuerzo, a trav\u00e9s del cual se pretenden formar hombres y mujeres de bien, al subrayar que la educaci\u00f3n es la base del desarrollo de la sociedad. Argumentaron que se necesitan recuperar los valores humanos para construir un mejor futuro.<\/p>\n<p><img decoding=\"async\" loading=\"lazy\" class=\"alignnone  wp-image-19519\" src=\"https:\/\/www.elgrillitosuena.com\/inicio\/wp-content\/uploads\/2022\/06\/WhatsApp-Image-2022-06-02-at-12.39.31-300x200.jpeg\" alt=\"\" width=\"635\" height=\"423\" srcset=\"https:\/\/www.elgrillitosuena.com\/inicio\/wp-content\/uploads\/2022\/06\/WhatsApp-Image-2022-06-02-at-12.39.31-300x200.jpeg 300w, https:\/\/www.elgrillitosuena.com\/inicio\/wp-content\/uploads\/2022\/06\/WhatsApp-Image-2022-06-02-at-12.39.31-768x512.jpeg 768w, https:\/\/www.elgrillitosuena.com\/inicio\/wp-content\/uploads\/2022\/06\/WhatsApp-Image-2022-06-02-at-12.39.31.jpeg 1024w\" sizes=\"(max-width: 635px) 100vw, 635px\" \/><\/p>\n<p>\u201cBecas Padrino\u201d opera en coordinaci\u00f3n con el programa de atenci\u00f3n a menores y adolescentes en riesgo (Pamar). La beca consiste en 500 pesos mensuales por infante y la donaci\u00f3n es deducible de impuestos. Habr\u00e1 seguimiento en cada caso para verificar resultados. El alcalde invita a la iniciativa privada a que enriquezca el programa de becas, a fin de que trascienda y sea un esquema permanente.<\/p>\n","protected":false},"excerpt":{"rendered":"<p>Al ser la educaci\u00f3n plataforma del desarrollo integral del ser humano, el presidente municipal de Uruapan, Ignacio Campos Equihua y la presidenta honoraria del DIF municipal, Yadira del Roc\u00edo Ram\u00edrez Mora, invitan al sector empresarial a que apadrinen a infantes, que se vieron en la necesidad de abandonar los estudios, para trabajar y colaborar al &hellip;<\/p>\n","protected":false},"author":3,"featured_media":19517,"comment_status":"open","ping_status":"closed","sticky":false,"template":"","format":"standard","meta":[],"categories":[37],"tags":[5057,62,4843,216,1588,63],"_links":{"self":[{"href":"https:\/\/www.elgrillitosuena.com\/inicio\/wp-json\/wp\/v2\/posts\/19515"}],"collection":[{"href":"https:\/\/www.elgrillitosuena.com\/inicio\/wp-json\/wp\/v2\/posts"}],"about":[{"href":"https:\/\/www.elgrillitosuena.com\/inicio\/wp-json\/wp\/v2\/types\/post"}],"author":[{"embeddable":true,"href":"https:\/\/www.elgrillitosuena.com\/inicio\/wp-json\/wp\/v2\/users\/3"}],"replies":[{"embeddable":true,"href":"https:\/\/www.elgrillitosuena.com\/inicio\/wp-json\/wp\/v2\/comments?post=19515"}],"version-history":[{"count":1,"href":"https:\/\/www.elgrillitosuena.com\/inicio\/wp-json\/wp\/v2\/posts\/19515\/revisions"}],"predecessor-version":[{"id":19520,"href":"https:\/\/www.elgrillitosuena.com\/inicio\/wp-json\/wp\/v2\/posts\/19515\/revisions\/19520"}],"wp:featuredmedia":[{"embeddable":true,"href":"https:\/\/www.elgrillitosuena.com\/inicio\/wp-json\/wp\/v2\/media\/19517"}],"wp:attachment":[{"href":"https:\/\/www.elgrillitosuena.com\/inicio\/wp-json\/wp\/v2\/media?parent=19515"}],"wp:term":[{"taxonomy":"category","embeddable":true,"href":"https:\/\/www.elgrillitosuena.com\/inicio\/wp-json\/wp\/v2\/categories?post=19515"},{"taxonomy":"post_tag","embeddable":true,"href":"https:\/\/www.elgrillitosuena.com\/inicio\/wp-json\/wp\/v2\/tags?post=19515"}],"curies":[{"name":"wp","href":"https:\/\/api.w.org\/{rel}","templated":true}]}}