{"id":19510,"date":"2022-06-01T23:50:39","date_gmt":"2022-06-01T23:50:39","guid":{"rendered":"https:\/\/www.elgrillitosuena.com\/inicio\/?p=19510"},"modified":"2022-06-01T23:50:39","modified_gmt":"2022-06-01T23:50:39","slug":"mon-laferte-celebrara-su-reciente-nacionalidad-mexicana-con-proxima-gira-por-el-pais","status":"publish","type":"post","link":"https:\/\/www.elgrillitosuena.com\/inicio\/life-style\/entretenimiento\/mon-laferte-celebrara-su-reciente-nacionalidad-mexicana-con-proxima-gira-por-el-pais\/","title":{"rendered":"Mon Laferte Celebrar\u00e1 su Reciente Nacionalidad Mexicana con Pr\u00f3xima Gira Por el Pa\u00eds"},"content":{"rendered":"<p><img decoding=\"async\" loading=\"lazy\" class=\" wp-image-19511\" src=\"https:\/\/www.elgrillitosuena.com\/inicio\/wp-content\/uploads\/2022\/06\/3-mon-laferte-300x200.jpeg\" alt=\"\" width=\"813\" height=\"542\" srcset=\"https:\/\/www.elgrillitosuena.com\/inicio\/wp-content\/uploads\/2022\/06\/3-mon-laferte-300x200.jpeg 300w, https:\/\/www.elgrillitosuena.com\/inicio\/wp-content\/uploads\/2022\/06\/3-mon-laferte-768x512.jpeg 768w, https:\/\/www.elgrillitosuena.com\/inicio\/wp-content\/uploads\/2022\/06\/3-mon-laferte.jpeg 1024w\" sizes=\"(max-width: 813px) 100vw, 813px\" \/><\/p>\n<p>La Cantante originaria de Chile anunci\u00f3 que se le otorg\u00f3 la nacionalidad del pa\u00eds, tras sus 15 a\u00f1os de residencia, y con ello, mencion\u00f3 que llevar\u00e1 acabo una gira por M\u00e9xico.<\/p>\n<p>De entre los estados especulados para estos shows, se encuentran; Ciudad de M\u00e9xico, Morelia, Quer\u00e9taro, Toluca, Monterrey, Torre\u00f3n, Guadalajara, Puebla y Veracruz.<\/p>\n<p>Aunque la residencia le fue otorgada hace poco, expres\u00f3 que ya se siente mexicana: &#8220;Llevo 15 a\u00f1os en M\u00e9xico, tengo un hijo mexicano, mi pareja es mexicana. Pero esto es hermoso, es la cereza del pastel. Es hermoso tener la posibilidad de tener el pasaporte aunque yo ya me sent\u00eda antes, es lindo y esta es una gira de celebraci\u00f3n de mi doble nacionalidad&#8221;. declar\u00f3.<\/p>\n<p><img decoding=\"async\" loading=\"lazy\" class=\"alignnone  wp-image-19512\" src=\"https:\/\/www.elgrillitosuena.com\/inicio\/wp-content\/uploads\/2022\/06\/HCQQFJZI7BCHDAVSM3UJLICVII-300x289.jpeg\" alt=\"\" width=\"675\" height=\"650\" srcset=\"https:\/\/www.elgrillitosuena.com\/inicio\/wp-content\/uploads\/2022\/06\/HCQQFJZI7BCHDAVSM3UJLICVII-300x289.jpeg 300w, https:\/\/www.elgrillitosuena.com\/inicio\/wp-content\/uploads\/2022\/06\/HCQQFJZI7BCHDAVSM3UJLICVII-1024x988.jpeg 1024w, https:\/\/www.elgrillitosuena.com\/inicio\/wp-content\/uploads\/2022\/06\/HCQQFJZI7BCHDAVSM3UJLICVII-768x741.jpeg 768w, https:\/\/www.elgrillitosuena.com\/inicio\/wp-content\/uploads\/2022\/06\/HCQQFJZI7BCHDAVSM3UJLICVII.jpeg 1075w\" sizes=\"(max-width: 675px) 100vw, 675px\" \/><\/p>\n<p>(Mon Laferte y su hijo Joel)<\/p>\n<p>Se tiene contemplado que varios artistas y amigos estar\u00e1n acompa\u00f1ando a Mon en sus presentaciones, como Bruses, Bel\u00e9n Cuturi, Vivir Quintana o Vicente Cifuentes, entre otros, se tienen especuladas muchas m\u00e1s sorpresas.<\/p>\n","protected":false},"excerpt":{"rendered":"<p>La Cantante originaria de Chile anunci\u00f3 que se le otorg\u00f3 la nacionalidad del pa\u00eds, tras sus 15 a\u00f1os de residencia, y con ello, mencion\u00f3 que llevar\u00e1 acabo una gira por M\u00e9xico. De entre los estados especulados para estos shows, se encuentran; Ciudad de M\u00e9xico, Morelia, Quer\u00e9taro, Toluca, Monterrey, Torre\u00f3n, Guadalajara, Puebla y Veracruz. Aunque la &hellip;<\/p>\n","protected":false},"author":14,"featured_media":19511,"comment_status":"open","ping_status":"closed","sticky":false,"template":"","format":"standard","meta":[],"categories":[41,44],"tags":[254,431],"_links":{"self":[{"href":"https:\/\/www.elgrillitosuena.com\/inicio\/wp-json\/wp\/v2\/posts\/19510"}],"collection":[{"href":"https:\/\/www.elgrillitosuena.com\/inicio\/wp-json\/wp\/v2\/posts"}],"about":[{"href":"https:\/\/www.elgrillitosuena.com\/inicio\/wp-json\/wp\/v2\/types\/post"}],"author":[{"embeddable":true,"href":"https:\/\/www.elgrillitosuena.com\/inicio\/wp-json\/wp\/v2\/users\/14"}],"replies":[{"embeddable":true,"href":"https:\/\/www.elgrillitosuena.com\/inicio\/wp-json\/wp\/v2\/comments?post=19510"}],"version-history":[{"count":2,"href":"https:\/\/www.elgrillitosuena.com\/inicio\/wp-json\/wp\/v2\/posts\/19510\/revisions"}],"predecessor-version":[{"id":19514,"href":"https:\/\/www.elgrillitosuena.com\/inicio\/wp-json\/wp\/v2\/posts\/19510\/revisions\/19514"}],"wp:featuredmedia":[{"embeddable":true,"href":"https:\/\/www.elgrillitosuena.com\/inicio\/wp-json\/wp\/v2\/media\/19511"}],"wp:attachment":[{"href":"https:\/\/www.elgrillitosuena.com\/inicio\/wp-json\/wp\/v2\/media?parent=19510"}],"wp:term":[{"taxonomy":"category","embeddable":true,"href":"https:\/\/www.elgrillitosuena.com\/inicio\/wp-json\/wp\/v2\/categories?post=19510"},{"taxonomy":"post_tag","embeddable":true,"href":"https:\/\/www.elgrillitosuena.com\/inicio\/wp-json\/wp\/v2\/tags?post=19510"}],"curies":[{"name":"wp","href":"https:\/\/api.w.org\/{rel}","templated":true}]}}