{"id":18955,"date":"2022-05-19T15:20:44","date_gmt":"2022-05-19T15:20:44","guid":{"rendered":"https:\/\/www.elgrillitosuena.com\/inicio\/?p=18955"},"modified":"2022-05-19T15:20:44","modified_gmt":"2022-05-19T15:20:44","slug":"recibe-bedolla-a-autoridades-de-autogobierno-de-la-isla-de-janitzio","status":"publish","type":"post","link":"https:\/\/www.elgrillitosuena.com\/inicio\/noticias\/michoacan\/recibe-bedolla-a-autoridades-de-autogobierno-de-la-isla-de-janitzio\/","title":{"rendered":"Recibe Bedolla a autoridades de autogobierno de la Isla de Janitzio"},"content":{"rendered":"<p><img decoding=\"async\" src=\"https:\/\/www.elsoldemorelia.com.mx\/local\/y99uo4-janitzio-presupuesto\/alternates\/LANDSCAPE_768\/Janitzio%20presupuesto\" \/><\/p>\n<p>En seguimiento a las acciones de apoyo a las comunidades ind\u00edgenas que est\u00e1n en proceso de implementar su autogobierno, el gobernador Alfredo Ram\u00edrez Bedolla, sostuvo una reuni\u00f3n con autoridades de la Isla de Janitzio.<\/p>\n<p>\u201cNo es un tr\u00e1mite lo que estamos haciendo, ni un programa, es toda una pol\u00edtica de Estado, el acceso al autogobierno es por ley y siempre ha sido un derecho, pero ahora se reconoce, pese a las muchas resistencias que a\u00fan existen por prejuicios, discriminaci\u00f3n, temor y condiciones adversas\u201d, se\u00f1al\u00f3 el mandatario estatal.<\/p>\n<p><img decoding=\"async\" src=\"https:\/\/www.elsoldemorelia.com.mx\/local\/aujnci-janitzio-presupuesto\/alternates\/FREE_720\/janitzio%20presupuesto\" \/><\/p>\n<p>Record\u00f3 que el presupuesto directo para Janitzio es de 6.3 millones de pesos al a\u00f1o, que habr\u00e1n de destinarse a obras y acciones para 2 mil 500 pobladores, por lo que llam\u00f3 a los nuevos gobernantes comunales a ejercerlo con responsabilidad y aprovechar los convenios y programas como el de Obras por Cooperaci\u00f3n y el Fondo de Fortalecimiento para la Paz (Fortapaz), para buscar mecanismos de recaudaci\u00f3n propia y complementaria, a fin de optimizar sus recursos.<\/p>\n<p>Al hacer uso de la palabra, los representantes agradecieron el apoyo del gobernador, no solo por reconocer el derecho de las comunidades ind\u00edgenas a la libre autodeterminaci\u00f3n, sino por el acompa\u00f1amiento irrestricto para consolidar su autogobierno, recibir su presupuesto directo y ejercerlo a plenitud.<\/p>\n<p>Manifestaron las dificultades que han afrontado tras el cierre de siete meses de la isla para evitar contagios de Covid-19, durante la pandemia; as\u00ed como temas pendientes en materia de salud, educaci\u00f3n, agua potable y alcantarillado y seguridad.<\/p>\n<p>Finalmente, el Gobernador se comprometi\u00f3 a apoyarlos mediante la Comisi\u00f3n Estatal del Agua y Gesti\u00f3n de Cuencas (CEAC), para iniciar proyectos de agua potable, y con la Secretar\u00eda de Salud (SSM), para revisar las condiciones de la cl\u00ednica y ampliar sus servicios, equipamiento y personal m\u00e9dico.<\/p>\n<p>Bedolla, que estuvo acompa\u00f1ado del secretario de Gobierno, Carlos Torres Pi\u00f1a y Humberto Urquiza Mart\u00ednez, subsecretario de Enlace Legislativo y Asuntos Registrales, ratific\u00f3 su compromiso con los derechos humanos de las comunidades ind\u00edgenas que deseen ejercer su propio presupuesto, al respaldarlos con orientaci\u00f3n jur\u00eddica y acompa\u00f1amiento en el proceso de transici\u00f3n al autogobierno.<\/p>\n<p>&nbsp;<\/p>\n","protected":false},"excerpt":{"rendered":"<p>En seguimiento a las acciones de apoyo a las comunidades ind\u00edgenas que est\u00e1n en proceso de implementar su autogobierno, el gobernador Alfredo Ram\u00edrez Bedolla, sostuvo una reuni\u00f3n con autoridades de la Isla de Janitzio. \u201cNo es un tr\u00e1mite lo que estamos haciendo, ni un programa, es toda una pol\u00edtica de Estado, el acceso al autogobierno &hellip;<\/p>\n","protected":false},"author":6,"featured_media":18956,"comment_status":"open","ping_status":"closed","sticky":false,"template":"","format":"standard","meta":[],"categories":[38],"tags":[1644,4414,4980],"_links":{"self":[{"href":"https:\/\/www.elgrillitosuena.com\/inicio\/wp-json\/wp\/v2\/posts\/18955"}],"collection":[{"href":"https:\/\/www.elgrillitosuena.com\/inicio\/wp-json\/wp\/v2\/posts"}],"about":[{"href":"https:\/\/www.elgrillitosuena.com\/inicio\/wp-json\/wp\/v2\/types\/post"}],"author":[{"embeddable":true,"href":"https:\/\/www.elgrillitosuena.com\/inicio\/wp-json\/wp\/v2\/users\/6"}],"replies":[{"embeddable":true,"href":"https:\/\/www.elgrillitosuena.com\/inicio\/wp-json\/wp\/v2\/comments?post=18955"}],"version-history":[{"count":1,"href":"https:\/\/www.elgrillitosuena.com\/inicio\/wp-json\/wp\/v2\/posts\/18955\/revisions"}],"predecessor-version":[{"id":18957,"href":"https:\/\/www.elgrillitosuena.com\/inicio\/wp-json\/wp\/v2\/posts\/18955\/revisions\/18957"}],"wp:featuredmedia":[{"embeddable":true,"href":"https:\/\/www.elgrillitosuena.com\/inicio\/wp-json\/wp\/v2\/media\/18956"}],"wp:attachment":[{"href":"https:\/\/www.elgrillitosuena.com\/inicio\/wp-json\/wp\/v2\/media?parent=18955"}],"wp:term":[{"taxonomy":"category","embeddable":true,"href":"https:\/\/www.elgrillitosuena.com\/inicio\/wp-json\/wp\/v2\/categories?post=18955"},{"taxonomy":"post_tag","embeddable":true,"href":"https:\/\/www.elgrillitosuena.com\/inicio\/wp-json\/wp\/v2\/tags?post=18955"}],"curies":[{"name":"wp","href":"https:\/\/api.w.org\/{rel}","templated":true}]}}