{"id":18891,"date":"2022-05-18T14:47:10","date_gmt":"2022-05-18T14:47:10","guid":{"rendered":"https:\/\/www.elgrillitosuena.com\/inicio\/?p=18891"},"modified":"2022-05-18T14:47:10","modified_gmt":"2022-05-18T14:47:10","slug":"inician-actividades-del-pride-michoacan-2022-con-izamiento-de-bandera-lgbtqi","status":"publish","type":"post","link":"https:\/\/www.elgrillitosuena.com\/inicio\/noticias\/michoacan\/inician-actividades-del-pride-michoacan-2022-con-izamiento-de-bandera-lgbtqi\/","title":{"rendered":"Inician actividades del Pride Michoac\u00e1n 2022 con izamiento de bandera LGBTQI"},"content":{"rendered":"<p><img decoding=\"async\" src=\"https:\/\/www.elsoldemorelia.com.mx\/incoming\/w1piws-lgbt\/alternates\/LANDSCAPE_768\/LGBT\" \/><\/p>\n<p>Autoridades locales\u00a0y\u00a0activistas\u00a0LGBTQI\u00a0realizaron\u00a0izamiento\u00a0de la\u00a0bandera del movimiento\u00a0como parte de las\u00a0actividades\u00a0del\u00a0Pride Michoac\u00e1n 2022\u00a0en el\u00a0ayuntamiento de Morelia. Esta ser\u00e1 la\u00a0primera\u00a0de\u00a0varias labores\u00a0que llevar\u00e1 a cabo la comunidad durante los meses de\u00a0mayo y junio.<\/p>\n<div class=\"content-body clearfix \">\n<div id=\"content-body-225-8294129\">\n<p>Durante este periodo se realizar\u00e1n\u00a0siete manifestaciones\u00a0del entre las cuales se destaca la\u00a0primera marcha del Orgullo LGBTQI\u00a0en las\u00a0localidades ind\u00edgenas\u00a0la cual dar\u00e1 lugar en el municipio de\u00a0Paracho, y pretende visibilizar la discriminaci\u00f3n de la poblaci\u00f3n diversosexual\u00a0que radica en\u00a0pueblos originarios.<\/p>\n<p>Posteriormente\u00a0se pretende llevar\u00a0a cabo junto al\u00a0gobernador\u00a0del estado Alfredo Ram\u00edrez Bedolla, la\u00a0firma del decreto\u00a0para la\u00a0creaci\u00f3n del D\u00eda contra la Homofobia, Lesbofobia, Bifobia y Transfobia.<\/p>\n<\/div>\n<\/div>\n<div class=\"advertisment \">\n<div id=\"dfp-nota-1x1s\" data-google-query-id=\"CKf-9ZKk6fcCFQKYAAAdsc0FfA\"><img decoding=\"async\" src=\"https:\/\/www.elsoldemorelia.com.mx\/local\/jss2h7-lgbt-1\/alternates\/FREE_720\/LGBT%201\" \/><\/div>\n<div data-google-query-id=\"CKf-9ZKk6fcCFQKYAAAdsc0FfA\">\n<p>Bajo este contexto es relevante recordar que seg\u00fan la Encuesta sobre la Discriminaci\u00f3n por Motivos de Orientaci\u00f3n Sexual e Identidad de G\u00e9nero (Endosig) del a\u00f1o\u00a02018,\u00a0Michoac\u00e1n\u00a0es la\u00a0cuarta entidad\u00a0federativa con\u00a0mayor poblaci\u00f3n LGBTQI+.<\/p>\n<article class=\"content-continued-body clearfix \">\n<div id=\"content-body-5851641-8294129\">\n<p>Dentro de esta misma\u00a0encuesta\u00a0se establecen diversas categor\u00edas donde\u00a0se mencionan diversas formas de discriminaci\u00f3n\u00a0hacia estos grupos como lo son: discriminaci\u00f3n en el trabajo, situaciones con la polic\u00eda, discriminaci\u00f3n en atenci\u00f3n m\u00e9dica, negaci\u00f3n de derechos, entre otros.<\/p>\n<\/div>\n<\/article>\n<div class=\"tags-list \">Con informaci\u00f3n de El Sol de Morelia<\/div>\n<\/div>\n<\/div>\n","protected":false},"excerpt":{"rendered":"<p>Autoridades locales\u00a0y\u00a0activistas\u00a0LGBTQI\u00a0realizaron\u00a0izamiento\u00a0de la\u00a0bandera del movimiento\u00a0como parte de las\u00a0actividades\u00a0del\u00a0Pride Michoac\u00e1n 2022\u00a0en el\u00a0ayuntamiento de Morelia. Esta ser\u00e1 la\u00a0primera\u00a0de\u00a0varias labores\u00a0que llevar\u00e1 a cabo la comunidad durante los meses de\u00a0mayo y junio. Durante este periodo se realizar\u00e1n\u00a0siete manifestaciones\u00a0del entre las cuales se destaca la\u00a0primera marcha del Orgullo LGBTQI\u00a0en las\u00a0localidades ind\u00edgenas\u00a0la cual dar\u00e1 lugar en el municipio de\u00a0Paracho, y pretende &hellip;<\/p>\n","protected":false},"author":6,"featured_media":18892,"comment_status":"open","ping_status":"closed","sticky":false,"template":"","format":"standard","meta":[],"categories":[38],"tags":[1801,56,4970],"_links":{"self":[{"href":"https:\/\/www.elgrillitosuena.com\/inicio\/wp-json\/wp\/v2\/posts\/18891"}],"collection":[{"href":"https:\/\/www.elgrillitosuena.com\/inicio\/wp-json\/wp\/v2\/posts"}],"about":[{"href":"https:\/\/www.elgrillitosuena.com\/inicio\/wp-json\/wp\/v2\/types\/post"}],"author":[{"embeddable":true,"href":"https:\/\/www.elgrillitosuena.com\/inicio\/wp-json\/wp\/v2\/users\/6"}],"replies":[{"embeddable":true,"href":"https:\/\/www.elgrillitosuena.com\/inicio\/wp-json\/wp\/v2\/comments?post=18891"}],"version-history":[{"count":1,"href":"https:\/\/www.elgrillitosuena.com\/inicio\/wp-json\/wp\/v2\/posts\/18891\/revisions"}],"predecessor-version":[{"id":18893,"href":"https:\/\/www.elgrillitosuena.com\/inicio\/wp-json\/wp\/v2\/posts\/18891\/revisions\/18893"}],"wp:featuredmedia":[{"embeddable":true,"href":"https:\/\/www.elgrillitosuena.com\/inicio\/wp-json\/wp\/v2\/media\/18892"}],"wp:attachment":[{"href":"https:\/\/www.elgrillitosuena.com\/inicio\/wp-json\/wp\/v2\/media?parent=18891"}],"wp:term":[{"taxonomy":"category","embeddable":true,"href":"https:\/\/www.elgrillitosuena.com\/inicio\/wp-json\/wp\/v2\/categories?post=18891"},{"taxonomy":"post_tag","embeddable":true,"href":"https:\/\/www.elgrillitosuena.com\/inicio\/wp-json\/wp\/v2\/tags?post=18891"}],"curies":[{"name":"wp","href":"https:\/\/api.w.org\/{rel}","templated":true}]}}