{"id":18705,"date":"2022-05-12T17:25:15","date_gmt":"2022-05-12T17:25:15","guid":{"rendered":"https:\/\/www.elgrillitosuena.com\/inicio\/?p=18705"},"modified":"2022-05-13T17:29:32","modified_gmt":"2022-05-13T17:29:32","slug":"celebran-dia-internacional-de-la-enfermeria","status":"publish","type":"post","link":"https:\/\/www.elgrillitosuena.com\/inicio\/noticias\/uruapan\/celebran-dia-internacional-de-la-enfermeria\/","title":{"rendered":"Celebran d\u00eda internacional de la enfermer\u00eda"},"content":{"rendered":"<p><img decoding=\"async\" loading=\"lazy\" class=\"alignnone  wp-image-18706\" src=\"https:\/\/www.elgrillitosuena.com\/inicio\/wp-content\/uploads\/2022\/05\/e6f9bb72-65c3-4a2e-a836-4b3de7de32aa-300x200.jpeg\" alt=\"\" width=\"660\" height=\"440\" srcset=\"https:\/\/www.elgrillitosuena.com\/inicio\/wp-content\/uploads\/2022\/05\/e6f9bb72-65c3-4a2e-a836-4b3de7de32aa-300x200.jpeg 300w, https:\/\/www.elgrillitosuena.com\/inicio\/wp-content\/uploads\/2022\/05\/e6f9bb72-65c3-4a2e-a836-4b3de7de32aa-1024x682.jpeg 1024w, https:\/\/www.elgrillitosuena.com\/inicio\/wp-content\/uploads\/2022\/05\/e6f9bb72-65c3-4a2e-a836-4b3de7de32aa-768x512.jpeg 768w, https:\/\/www.elgrillitosuena.com\/inicio\/wp-content\/uploads\/2022\/05\/e6f9bb72-65c3-4a2e-a836-4b3de7de32aa-1536x1023.jpeg 1536w, https:\/\/www.elgrillitosuena.com\/inicio\/wp-content\/uploads\/2022\/05\/e6f9bb72-65c3-4a2e-a836-4b3de7de32aa.jpeg 1600w\" sizes=\"(max-width: 660px) 100vw, 660px\" \/><\/p>\n<p>El presidente municipal de Uruapan, Ignacio Campos Equihua y la presidenta honoraria del DIF municipal, Yadira del Roc\u00edo Ram\u00edrez Mora, expresaron su reconocimiento al personal de enfermer\u00eda, por la destacada labor que realizan en la emergencia sanitaria de Covid-19, en la que se mantienen en la primera l\u00ednea de combate a dicha enfermedad.<\/p>\n<p>Ante enfermeras, enfermeros y estudiantes de esta especialidad, Nacho Campos pidi\u00f3 que no pierdan el sentido de humanidad, que sigan siendo hospitalarios y solidarios con los pacientes. \u201cMi reconocimiento a su destacada labor, ya que siempre est\u00e1n presentes en los momentos m\u00e1s dif\u00edciles del ser humano\u201d.<\/p>\n<p><img decoding=\"async\" loading=\"lazy\" class=\"alignnone  wp-image-18707\" src=\"https:\/\/www.elgrillitosuena.com\/inicio\/wp-content\/uploads\/2022\/05\/8ed83859-da79-449f-94cd-ba669d7e8f5d-300x200.jpeg\" alt=\"\" width=\"593\" height=\"395\" srcset=\"https:\/\/www.elgrillitosuena.com\/inicio\/wp-content\/uploads\/2022\/05\/8ed83859-da79-449f-94cd-ba669d7e8f5d-300x200.jpeg 300w, https:\/\/www.elgrillitosuena.com\/inicio\/wp-content\/uploads\/2022\/05\/8ed83859-da79-449f-94cd-ba669d7e8f5d-1024x682.jpeg 1024w, https:\/\/www.elgrillitosuena.com\/inicio\/wp-content\/uploads\/2022\/05\/8ed83859-da79-449f-94cd-ba669d7e8f5d-768x512.jpeg 768w, https:\/\/www.elgrillitosuena.com\/inicio\/wp-content\/uploads\/2022\/05\/8ed83859-da79-449f-94cd-ba669d7e8f5d-1536x1023.jpeg 1536w, https:\/\/www.elgrillitosuena.com\/inicio\/wp-content\/uploads\/2022\/05\/8ed83859-da79-449f-94cd-ba669d7e8f5d-310x205.jpeg 310w, https:\/\/www.elgrillitosuena.com\/inicio\/wp-content\/uploads\/2022\/05\/8ed83859-da79-449f-94cd-ba669d7e8f5d.jpeg 1600w\" sizes=\"(max-width: 593px) 100vw, 593px\" \/><\/p>\n<p>A los estudiantes de enfermer\u00eda, les recomend\u00f3 que nunca se olviden de sus or\u00edgenes y cuando alcancen sus metas profesionales, \u201cregresen con servicio, algo de lo que les dio su comunidad\u201d.<\/p>\n<p>En ese mismo sentido se pronunci\u00f3 la presidenta honoraria del DIF municipal Uruapan, \u201cmis respetos a todos ustedes, ya que han estado al pie del ca\u00f1\u00f3n, arriesgando su vida, en atenci\u00f3n a pacientes Covid-19\u201d.<\/p>\n<p>A\u00f1adi\u00f3 que las y los enfermeros, \u201cson personas con mucho humanismo y sensibilidad, que se ponen en el lugar de los enfermos\u201d.<\/p>\n","protected":false},"excerpt":{"rendered":"<p>El presidente municipal de Uruapan, Ignacio Campos Equihua y la presidenta honoraria del DIF municipal, Yadira del Roc\u00edo Ram\u00edrez Mora, expresaron su reconocimiento al personal de enfermer\u00eda, por la destacada labor que realizan en la emergencia sanitaria de Covid-19, en la que se mantienen en la primera l\u00ednea de combate a dicha enfermedad. Ante enfermeras, &hellip;<\/p>\n","protected":false},"author":6,"featured_media":18706,"comment_status":"open","ping_status":"closed","sticky":false,"template":"","format":"standard","meta":[],"categories":[3116,37],"tags":[4931,1588,63],"_links":{"self":[{"href":"https:\/\/www.elgrillitosuena.com\/inicio\/wp-json\/wp\/v2\/posts\/18705"}],"collection":[{"href":"https:\/\/www.elgrillitosuena.com\/inicio\/wp-json\/wp\/v2\/posts"}],"about":[{"href":"https:\/\/www.elgrillitosuena.com\/inicio\/wp-json\/wp\/v2\/types\/post"}],"author":[{"embeddable":true,"href":"https:\/\/www.elgrillitosuena.com\/inicio\/wp-json\/wp\/v2\/users\/6"}],"replies":[{"embeddable":true,"href":"https:\/\/www.elgrillitosuena.com\/inicio\/wp-json\/wp\/v2\/comments?post=18705"}],"version-history":[{"count":1,"href":"https:\/\/www.elgrillitosuena.com\/inicio\/wp-json\/wp\/v2\/posts\/18705\/revisions"}],"predecessor-version":[{"id":18708,"href":"https:\/\/www.elgrillitosuena.com\/inicio\/wp-json\/wp\/v2\/posts\/18705\/revisions\/18708"}],"wp:featuredmedia":[{"embeddable":true,"href":"https:\/\/www.elgrillitosuena.com\/inicio\/wp-json\/wp\/v2\/media\/18706"}],"wp:attachment":[{"href":"https:\/\/www.elgrillitosuena.com\/inicio\/wp-json\/wp\/v2\/media?parent=18705"}],"wp:term":[{"taxonomy":"category","embeddable":true,"href":"https:\/\/www.elgrillitosuena.com\/inicio\/wp-json\/wp\/v2\/categories?post=18705"},{"taxonomy":"post_tag","embeddable":true,"href":"https:\/\/www.elgrillitosuena.com\/inicio\/wp-json\/wp\/v2\/tags?post=18705"}],"curies":[{"name":"wp","href":"https:\/\/api.w.org\/{rel}","templated":true}]}}