{"id":18631,"date":"2022-05-12T15:19:03","date_gmt":"2022-05-12T15:19:03","guid":{"rendered":"https:\/\/www.elgrillitosuena.com\/inicio\/?p=18631"},"modified":"2022-05-12T15:19:03","modified_gmt":"2022-05-12T15:19:03","slug":"casi-un-millon-de-alumnos-se-quedan-sin-clases-por-manifestaciones-del-magisterio","status":"publish","type":"post","link":"https:\/\/www.elgrillitosuena.com\/inicio\/noticias\/michoacan\/casi-un-millon-de-alumnos-se-quedan-sin-clases-por-manifestaciones-del-magisterio\/","title":{"rendered":"Casi un mill\u00f3n de alumnos se quedan sin clases por manifestaciones del magisterio"},"content":{"rendered":"<p><img decoding=\"async\" src=\"https:\/\/www.elsoldemorelia.com.mx\/local\/14vx66-cnte-poder-de-base\/alternates\/LANDSCAPE_768\/CNTE%20-%20Poder%20de%20Base\" \/><\/p>\n<p>Debido al paro de labores de 72 horas que inici\u00f3 ayer por parte de la CNTE Poder de Base, alrededor de 900 mil alumnos de educaci\u00f3n b\u00e1sica en Michoac\u00e1n estar\u00edan siendo afectados, afirm\u00f3 el secretario t\u00e9cnico del gremio, Pavel D\u00edaz.<\/p>\n<p>Al ser interrogado sobre el n\u00famero de escuelas en las que no habr\u00e1 actividades por la manifestaci\u00f3n, refiri\u00f3 que son entre cinco mil y seis mil planteles aproximadamente, adem\u00e1s del paro en el nivel medio superior, aunque no dio detalles del impacto en ese sector.<\/p>\n<p>\u201cDe las 11 mil escuelas que hay de educaci\u00f3n b\u00e1sica en el estado, tenemos presencia en 80 por ciento, por el paro de labores se suman cinco mil o seis mil y esto puede impactar a 800 mil o 900 mil alumnos aproximadamente\u201d, apunt\u00f3.<\/p>\n<p><img decoding=\"async\" src=\"https:\/\/www.elsoldemorelia.com.mx\/local\/d1phvi-cnte-poder-de-base\/alternates\/FREE_720\/CNTE%20-%20Poder%20de%20Base\" \/><\/p>\n<p>Desde la ma\u00f1ana de este mi\u00e9rcoles, los integrantes de Poder de Base de las 22 regiones en Michoac\u00e1n se concentraron a las afueras de las presidencias municipales para impedir el acceso y la realizaci\u00f3n de las actividades y con ello exigir al gobierno el cumplimiento a sus demandas.<\/p>\n<p>A decir Yunu\u00e9n \u00c1vila, integrante de organizaci\u00f3n del sector siete de la regi\u00f3n Morelia, algunos maestros contin\u00faan a\u00f1adi\u00e9ndose a la actividad porque contin\u00faan con las celebraciones del 10 de mayo.<\/p>\n<p>\u201cSe supone que no debe haber clases, ya hubo reuni\u00f3n con los padres de familia, pero hay fracciones que no compaginan con nosotros y son los que siguen en clases\u201d, dijo.<\/p>\n<p>Al cuestionarla sobre el rezago acad\u00e9mico que generan las manifestaciones y los paros de labores, dijo que se busca la manera que recuperar las horas que no se les atiende a los alumnos.<\/p>\n<p><img decoding=\"async\" src=\"https:\/\/www.elsoldemorelia.com.mx\/local\/yubnwm-cnte-poder-de-base\/alternates\/FREE_720\/CNTE%20-%20Poder%20de%20Base\" \/><\/p>\n<p>Cabe mencionar que la semana pasada efectuaron un paro de labores de 48 horas para tomar oficinas de Rentas, es decir, que en menos de dos semanas, los estudiantes no tendr\u00e1n clases cinco d\u00edas.<\/p>\n<p>El a\u00f1o pasado, la titular de la Secretar\u00eda de Educaci\u00f3n del Estado (SEE), Yarab\u00ed \u00c1vila Gonz\u00e1lez, afirm\u00f3 que Michoac\u00e1n se encuentra entre las entidades con mayor \u00edndice de abandono escolar y rezago.<\/p>\n<p><b>Tomar\u00e1n el SAT y Rentas<\/b><\/p>\n<p>Ante la falta de acuerdos con las autoridades, esta ala magisterial indic\u00f3 que este jueves tomar\u00e1n las oficinas del Servicio de Administraci\u00f3n Tributaria (SAT) en los municipios donde haya y en los que no ser\u00e1 en las oficinas de Rentas y el viernes en ese mismo lugar.<\/p>\n<p>A decir de Yunu\u00e9n \u00c1vila solo han tenido di\u00e1logo con la subsecretaria de Educaci\u00f3n B\u00e1sica, Teresa L\u00f3pez Hern\u00e1ndez, por lo anterior y al no tener respuesta amagaron con una marcha en Morelia el pr\u00f3ximo 16 de este mes. Entre sus demandas est\u00e1n el pago de prestaciones, contrataci\u00f3n a normalistas y tr\u00e1mites administrativos.<\/p>\n<p>Con informaci\u00f3n de El Sol de Morelia<\/p>\n","protected":false},"excerpt":{"rendered":"<p>Debido al paro de labores de 72 horas que inici\u00f3 ayer por parte de la CNTE Poder de Base, alrededor de 900 mil alumnos de educaci\u00f3n b\u00e1sica en Michoac\u00e1n estar\u00edan siendo afectados, afirm\u00f3 el secretario t\u00e9cnico del gremio, Pavel D\u00edaz. Al ser interrogado sobre el n\u00famero de escuelas en las que no habr\u00e1 actividades por &hellip;<\/p>\n","protected":false},"author":6,"featured_media":18632,"comment_status":"open","ping_status":"closed","sticky":false,"template":"","format":"standard","meta":[],"categories":[38],"tags":[4920,467,347,56],"_links":{"self":[{"href":"https:\/\/www.elgrillitosuena.com\/inicio\/wp-json\/wp\/v2\/posts\/18631"}],"collection":[{"href":"https:\/\/www.elgrillitosuena.com\/inicio\/wp-json\/wp\/v2\/posts"}],"about":[{"href":"https:\/\/www.elgrillitosuena.com\/inicio\/wp-json\/wp\/v2\/types\/post"}],"author":[{"embeddable":true,"href":"https:\/\/www.elgrillitosuena.com\/inicio\/wp-json\/wp\/v2\/users\/6"}],"replies":[{"embeddable":true,"href":"https:\/\/www.elgrillitosuena.com\/inicio\/wp-json\/wp\/v2\/comments?post=18631"}],"version-history":[{"count":1,"href":"https:\/\/www.elgrillitosuena.com\/inicio\/wp-json\/wp\/v2\/posts\/18631\/revisions"}],"predecessor-version":[{"id":18633,"href":"https:\/\/www.elgrillitosuena.com\/inicio\/wp-json\/wp\/v2\/posts\/18631\/revisions\/18633"}],"wp:featuredmedia":[{"embeddable":true,"href":"https:\/\/www.elgrillitosuena.com\/inicio\/wp-json\/wp\/v2\/media\/18632"}],"wp:attachment":[{"href":"https:\/\/www.elgrillitosuena.com\/inicio\/wp-json\/wp\/v2\/media?parent=18631"}],"wp:term":[{"taxonomy":"category","embeddable":true,"href":"https:\/\/www.elgrillitosuena.com\/inicio\/wp-json\/wp\/v2\/categories?post=18631"},{"taxonomy":"post_tag","embeddable":true,"href":"https:\/\/www.elgrillitosuena.com\/inicio\/wp-json\/wp\/v2\/tags?post=18631"}],"curies":[{"name":"wp","href":"https:\/\/api.w.org\/{rel}","templated":true}]}}