{"id":18575,"date":"2022-05-11T17:11:48","date_gmt":"2022-05-11T17:11:48","guid":{"rendered":"https:\/\/www.elgrillitosuena.com\/inicio\/?p=18575"},"modified":"2022-05-11T17:11:48","modified_gmt":"2022-05-11T17:11:48","slug":"la-casa-blanca-responde-a-amlo-sobre-la-cumbre-de-las-americas-aun-no-se-han-enviado-las-invitaciones","status":"publish","type":"post","link":"https:\/\/www.elgrillitosuena.com\/inicio\/noticias\/mundo\/la-casa-blanca-responde-a-amlo-sobre-la-cumbre-de-las-americas-aun-no-se-han-enviado-las-invitaciones\/","title":{"rendered":"La Casa Blanca responde a AMLO sobre la Cumbre de las Am\u00e9ricas: &#8216;a\u00fan no se han enviado las invitaciones&#8217;"},"content":{"rendered":"<p><img decoding=\"async\" src=\"https:\/\/img.gruporeforma.com\/imagenes\/960x640\/6\/204\/5203382.jpg\" alt=\"Vemos las amenazas a periodistas en M\u00e9xico.- Casa Blanca\" \/><\/p>\n<div>\n<p>La vocera de la Casa Blanca, Jen Psaki, asegur\u00f3 que\u00a0las invitaciones a la Cumbre de las Am\u00e9ricas que se celebrar\u00e1 en Los \u00c1ngeles del 6 al 10 de junio \u201ca\u00fan no han sido enviadas\u201d,\u00a0en respuesta a la declaraci\u00f3n del presidente Andr\u00e9s Manuel L\u00f3pez Obrador de que no acudir\u00e1 si se excluye a alg\u00fan pa\u00eds.<\/p>\n<\/div>\n<div>\n<p>Durante una rueda de prensa este martes y a pregunta expresa sobre las declaraciones del mandatario mexicano, respondi\u00f3 que \u201cla cumbre es una valiosa oportunidad para centrarse en algunos de los temas compartidos m\u00e1s importantes,\u00a0como la lucha constante por la libertad y la democracia para todos los pa\u00edses\u201d.<\/p>\n<\/div>\n<div>\n<p>Adem\u00e1s, se\u00f1al\u00f3 que la Cumbre abordar\u00e1 los objetivos clim\u00e1ticos compartidos, una respuesta contra la Covid-19 \u201cm\u00e1s fuerte y colaborativa\u201d, as\u00ed como tratar\u00e1\u00a0\u201clas causas profundas de la migraci\u00f3n, como perseguir el crimen organizado y la inestabilidad econ\u00f3mica\u201d.<\/p>\n<div>\n<blockquote><p>Al final de su respuesta, recalc\u00f3 que\u201cno se han emitido invitaciones en este momento\u201d.<\/p><\/blockquote>\n<\/div>\n<div>\n<p>La ma\u00f1ana del martes, el presidente\u00a0Andr\u00e9s Manuel L\u00f3pez Obrador\u00a0asegur\u00f3 en su conferencia de prensa matutina que no acudir\u00e1 a la Cumbre de las Am\u00e9ricas si Estados Unidos, pa\u00eds organizador, no invita \u201ca todos\u201d los pa\u00edses al encuentro.<\/p>\n<p>El mandatario dijo que en su lugar asistir\u00e1 el secretario de Relaciones Exteriores,\u00a0Marcelo Ebrard,\u00a0aunque sostuvo que a\u00fan hay tiempo para que se llegue a un acuerdo sobre la convocatoria.<\/p>\n<div>\n<p>La Administraci\u00f3n estadounidense inform\u00f3 a principios de mes que Cuba, Nicaragua y Venezuela no recibir\u00edan invitaci\u00f3n para la cumbre en Los \u00c1ngeles argumentando que no son naciones democr\u00e1ticas. \u201cLos pa\u00edses que por sus actuaciones no respeten la Democracia, no van a recibir invitaciones\u201d, asegur\u00f3 el subsecretario de Estado para el hemisferio occidental, Brian Nichols.<\/p>\n<\/div>\n<div>\n<p>Por su parte, el presidente de Bolivia,\u00a0Luis Arce, advirti\u00f3 este martes que\u00a0no asistir\u00e1 a Cumbre de las Am\u00e9ricas, que se celebrar\u00e1 en Los \u00c1ngeles, si Estados Unidos no invita a todos los pa\u00edses de la regi\u00f3n.<\/p>\n<div>\n<p>\u201cConsecuente con los principios y valores del Estado Plurinacional de Bolivia, reafirmo que una Cumbre de las Am\u00e9ricas que excluye a pa\u00edses americanos no ser\u00e1 una Cumbre de las Am\u00e9ricas plena, y\u00a0de persistir la exclusi\u00f3n de pueblos hermanos, no participar\u00e9 de la misma\u201d, public\u00f3 el mandatario en la red social<em>\u00a0Twitter.<\/em><\/p>\n<blockquote class=\"twitter-tweet\" data-width=\"550\" data-dnt=\"true\">\n<p lang=\"es\" dir=\"ltr\">(Hilo) Consecuente con los principios y valores del Estado Plurinacional de <a href=\"https:\/\/twitter.com\/hashtag\/Bolivia?src=hash&amp;ref_src=twsrc%5Etfw\">#Bolivia<\/a>, reafirmo que una Cumbre de las Am\u00e9ricas que excluye a pa\u00edses americanos no ser\u00e1 una Cumbre de las Am\u00e9ricas plena, y de persistir la exclusi\u00f3n de pueblos hermanos, no participar\u00e9 de la misma. <a href=\"https:\/\/t.co\/aicTZxYnWm\">pic.twitter.com\/aicTZxYnWm<\/a><\/p>\n<p>&mdash; Luis Alberto Arce Catacora (Lucho Arce) (@LuchoXBolivia) <a href=\"https:\/\/twitter.com\/LuchoXBolivia\/status\/1524196193743613953?ref_src=twsrc%5Etfw\">May 11, 2022<\/a><\/p><\/blockquote>\n<p><script async src=\"https:\/\/platform.twitter.com\/widgets.js\" charset=\"utf-8\"><\/script><\/p>\n<p>Con informaci\u00f3n de Aristegui Noticias<\/p>\n<\/div>\n<div>\n<div id=\"div-gpt-ad-ddnotamundoZA_box_d\" data-google-query-id=\"CPK8hOH31_cCFQoTAQodZzcOMQ\"><\/div>\n<\/div>\n<\/div>\n<\/div>\n<\/div>\n","protected":false},"excerpt":{"rendered":"<p>La vocera de la Casa Blanca, Jen Psaki, asegur\u00f3 que\u00a0las invitaciones a la Cumbre de las Am\u00e9ricas que se celebrar\u00e1 en Los \u00c1ngeles del 6 al 10 de junio \u201ca\u00fan no han sido enviadas\u201d,\u00a0en respuesta a la declaraci\u00f3n del presidente Andr\u00e9s Manuel L\u00f3pez Obrador de que no acudir\u00e1 si se excluye a alg\u00fan pa\u00eds. Durante &hellip;<\/p>\n","protected":false},"author":6,"featured_media":18576,"comment_status":"open","ping_status":"closed","sticky":false,"template":"","format":"standard","meta":[],"categories":[40],"tags":[98,1012,405],"_links":{"self":[{"href":"https:\/\/www.elgrillitosuena.com\/inicio\/wp-json\/wp\/v2\/posts\/18575"}],"collection":[{"href":"https:\/\/www.elgrillitosuena.com\/inicio\/wp-json\/wp\/v2\/posts"}],"about":[{"href":"https:\/\/www.elgrillitosuena.com\/inicio\/wp-json\/wp\/v2\/types\/post"}],"author":[{"embeddable":true,"href":"https:\/\/www.elgrillitosuena.com\/inicio\/wp-json\/wp\/v2\/users\/6"}],"replies":[{"embeddable":true,"href":"https:\/\/www.elgrillitosuena.com\/inicio\/wp-json\/wp\/v2\/comments?post=18575"}],"version-history":[{"count":1,"href":"https:\/\/www.elgrillitosuena.com\/inicio\/wp-json\/wp\/v2\/posts\/18575\/revisions"}],"predecessor-version":[{"id":18577,"href":"https:\/\/www.elgrillitosuena.com\/inicio\/wp-json\/wp\/v2\/posts\/18575\/revisions\/18577"}],"wp:featuredmedia":[{"embeddable":true,"href":"https:\/\/www.elgrillitosuena.com\/inicio\/wp-json\/wp\/v2\/media\/18576"}],"wp:attachment":[{"href":"https:\/\/www.elgrillitosuena.com\/inicio\/wp-json\/wp\/v2\/media?parent=18575"}],"wp:term":[{"taxonomy":"category","embeddable":true,"href":"https:\/\/www.elgrillitosuena.com\/inicio\/wp-json\/wp\/v2\/categories?post=18575"},{"taxonomy":"post_tag","embeddable":true,"href":"https:\/\/www.elgrillitosuena.com\/inicio\/wp-json\/wp\/v2\/tags?post=18575"}],"curies":[{"name":"wp","href":"https:\/\/api.w.org\/{rel}","templated":true}]}}