{"id":18572,"date":"2022-05-11T17:03:37","date_gmt":"2022-05-11T17:03:37","guid":{"rendered":"https:\/\/www.elgrillitosuena.com\/inicio\/?p=18572"},"modified":"2022-05-11T17:03:37","modified_gmt":"2022-05-11T17:03:37","slug":"medicos-responden-a-amlo-reprueban-contratacion-de-cubanos-y-acusan-desempleo","status":"publish","type":"post","link":"https:\/\/www.elgrillitosuena.com\/inicio\/noticias\/mexico\/medicos-responden-a-amlo-reprueban-contratacion-de-cubanos-y-acusan-desempleo\/","title":{"rendered":"M\u00e9dicos responden a AMLO: reprueban contrataci\u00f3n de cubanos y acusan desempleo"},"content":{"rendered":"<p><img decoding=\"async\" src=\"https:\/\/www.msf.mx\/sites\/mexico\/files\/styles\/generic_767_506\/https\/media.msf.org\/Docs\/MSF\/Media\/TR1\/e\/8\/e\/d\/MSF315611.jpg\" alt=\"MSF M\u00e9xico\/Am\u00e9rica Central | Atenci\u00f3n m\u00e9dica donde m\u00e1s se necesita. Neutral  e imparcial.\" \/><\/p>\n<p>Tras el anuncio del presidente\u00a0Andr\u00e9s Manuel L\u00f3pez Obrador de que contratar\u00eda a 500 m\u00e9dicos cubanos\u00a0para cubrir la falta de doctores generales y especialistas del pa\u00eds,\u00a0federaciones, asociaciones y colegios m\u00e9dicos de M\u00e9xico protestaron en contra de la medida anunciada, puesto que hay mexicanos desempleados.<\/p>\n<blockquote><p>&#8220;Los Colegios, Asociaciones y Federaciones de m\u00e9dicos especialistas abajo firmantes, decidimos manifestar nuestra profunda desaprobaci\u00f3n y en\u00e9rgica protesta, ante el anuncio de parte del gobierno federal de la contrataci\u00f3n nuevamente de m\u00e9dicos de otro pa\u00eds por una supuesta falta de los mismos, lo que consideramos una falta grave en contra de los profesionales de la salud de M\u00e9xico&#8221;, manifestaron mediante un comunicado.<\/p><\/blockquote>\n<p>Y es que\u00a0afirman que en M\u00e9xico s\u00ed hay m\u00e9dicos capaces, avalados por las universidades del pa\u00eds &#8220;formados en el pleno conocimiento de las necesidades e idiosincrasia de nuestra poblaci\u00f3n,\u00a0algunos de ellos desempleados o empleados eventualmente con salarios muy bajos o en zonas de inseguridad extrema&#8221;.<\/p>\n<p>Los nacionales acusan que\u00a0los extranjeros\u00a0no tienen la formaci\u00f3n, los requisitos ni el aval de los colegios de profesionistas.<\/p>\n<blockquote><p>&#8220;Resulta un agravio para el gremio m\u00e9dico mexicano toda vez que estos extranjeros no re\u00fanen las competencias requeridas, no tienen funciones debidamente especificadas, no cuentan con los requisitos establecidos por las leyes vigentes, as\u00ed como carecen del aval de los colegios de profesionistas&#8221;, argumentaron los doctores mexicanos.<\/p><\/blockquote>\n<p>Hay que recordar que durante el 2020 el gobierno de M\u00e9xico trajo a m\u00e9dicos cubanos para atender la emergencia provocada por el COVID-19, lo que provoc\u00f3 criticas del senador panista\u00a0Julen Rementer\u00eda, porque\u00a0esos doctores no ten\u00edan t\u00edtulo, adem\u00e1s de que se pag\u00f3 demasiado por sus servicios.<\/p>\n<p>Los m\u00e9dicos mexicanos recordaron que debido a la pandemia\u00a0ellos, junto con todos los profesionales de la salud del pa\u00eds, trabajaron y trabajan en la atenci\u00f3n de los enfermos, arriesgando\u00a0sus vidas y las de sus familiares; adem\u00e1s,\u00a0cuando\u00a0faltan los\u00a0equipos de protecci\u00f3n personal,\u00a0el personal m\u00e9dico ha tenido\u00a0que comprarlo.<\/p>\n<p>En resumen, los especialistas en la salud de la Rep\u00fablica mexicana acusan que\u00a0se les ha relegado de una manera injusta al privilegiar a los extranjeros<strong>,<\/strong>\u00a0cuya intervenci\u00f3n no ha sido ben\u00e9fica para la poblaci\u00f3n.<\/p>\n<p>El comunicado, en protesta del anuncio que el presidente Andr\u00e9s Manuel L\u00f3pez Obrador dio un d\u00eda despu\u00e9s\u00a0de su visita a Cuba, fue firmado por al menos 30\u00a0federaciones, asociaciones y colegios m\u00e9dicos de M\u00e9xico.<\/p>\n<p>Con informaci\u00f3n de Radio F\u00f3rmula<\/p>\n","protected":false},"excerpt":{"rendered":"<p>Tras el anuncio del presidente\u00a0Andr\u00e9s Manuel L\u00f3pez Obrador de que contratar\u00eda a 500 m\u00e9dicos cubanos\u00a0para cubrir la falta de doctores generales y especialistas del pa\u00eds,\u00a0federaciones, asociaciones y colegios m\u00e9dicos de M\u00e9xico protestaron en contra de la medida anunciada, puesto que hay mexicanos desempleados. &#8220;Los Colegios, Asociaciones y Federaciones de m\u00e9dicos especialistas abajo firmantes, decidimos manifestar &hellip;<\/p>\n","protected":false},"author":6,"featured_media":18573,"comment_status":"open","ping_status":"closed","sticky":false,"template":"","format":"standard","meta":[],"categories":[39],"tags":[98,4901,4900],"_links":{"self":[{"href":"https:\/\/www.elgrillitosuena.com\/inicio\/wp-json\/wp\/v2\/posts\/18572"}],"collection":[{"href":"https:\/\/www.elgrillitosuena.com\/inicio\/wp-json\/wp\/v2\/posts"}],"about":[{"href":"https:\/\/www.elgrillitosuena.com\/inicio\/wp-json\/wp\/v2\/types\/post"}],"author":[{"embeddable":true,"href":"https:\/\/www.elgrillitosuena.com\/inicio\/wp-json\/wp\/v2\/users\/6"}],"replies":[{"embeddable":true,"href":"https:\/\/www.elgrillitosuena.com\/inicio\/wp-json\/wp\/v2\/comments?post=18572"}],"version-history":[{"count":1,"href":"https:\/\/www.elgrillitosuena.com\/inicio\/wp-json\/wp\/v2\/posts\/18572\/revisions"}],"predecessor-version":[{"id":18574,"href":"https:\/\/www.elgrillitosuena.com\/inicio\/wp-json\/wp\/v2\/posts\/18572\/revisions\/18574"}],"wp:featuredmedia":[{"embeddable":true,"href":"https:\/\/www.elgrillitosuena.com\/inicio\/wp-json\/wp\/v2\/media\/18573"}],"wp:attachment":[{"href":"https:\/\/www.elgrillitosuena.com\/inicio\/wp-json\/wp\/v2\/media?parent=18572"}],"wp:term":[{"taxonomy":"category","embeddable":true,"href":"https:\/\/www.elgrillitosuena.com\/inicio\/wp-json\/wp\/v2\/categories?post=18572"},{"taxonomy":"post_tag","embeddable":true,"href":"https:\/\/www.elgrillitosuena.com\/inicio\/wp-json\/wp\/v2\/tags?post=18572"}],"curies":[{"name":"wp","href":"https:\/\/api.w.org\/{rel}","templated":true}]}}