{"id":18458,"date":"2022-05-09T14:24:32","date_gmt":"2022-05-09T14:24:32","guid":{"rendered":"https:\/\/www.elgrillitosuena.com\/inicio\/?p=18458"},"modified":"2022-05-09T14:24:32","modified_gmt":"2022-05-09T14:24:32","slug":"mexico-contratara-medicos-y-vacunas-de-cuba-para-ninos-mexicanos","status":"publish","type":"post","link":"https:\/\/www.elgrillitosuena.com\/inicio\/noticias\/mexico\/mexico-contratara-medicos-y-vacunas-de-cuba-para-ninos-mexicanos\/","title":{"rendered":"M\u00e9xico contratar\u00e1 m\u00e9dicos y vacunas de Cuba para ni\u00f1os mexicanos"},"content":{"rendered":"<p><img decoding=\"async\" src=\"https:\/\/heraldodemexico.com.mx\/u\/fotografias\/m\/2022\/5\/9\/f960x540-511011_585086_0.jpg\" alt=\"Cuba ya aplica su vacuna Abdala en su poblaci\u00f3n.\" \/><\/p>\n<p>El presidente\u00a0Andr\u00e9s Manuel L\u00f3pez Obrador\u00a0detall\u00f3 que acordaron con el gobierno de\u00a0Cuba\u00a0la\u00a0contrataci\u00f3n\u00a0de\u00a0m\u00e1s\u00a0de\u00a0500 m\u00e9dicos\u00a0especialistas para laborar en la\u00a0Monta\u00f1a de Guerrero\u00a0y tambi\u00e9n la adquisici\u00f3n de vacunas cubanas\u00a0anti Covid-19que ser\u00e1n destinadas para la vacunaci\u00f3n a ni\u00f1os y adolescentes en M\u00e9xico.<\/p>\n<p>En\u00a0conferencia de prensa matutina\u00a0en Palacio Nacional, el mandatario nacional precis\u00f3 los acuerdos alcanzados en su gira de cinco d\u00edas por Centroam\u00e9rica y El Caribe.<\/p>\n<p>En cuanto a Cuba se firm\u00f3 un convenio de cooperaci\u00f3n, que incluye fundamentalmente la salud y el que puedan formarse m\u00e9dicos generales mexicanos como especialistas.<\/p>\n<h2>Vacunas cubanas para ni\u00f1os peque\u00f1os del pa\u00eds<\/h2>\n<p>Adem\u00e1s, L\u00f3pez Obrador indic\u00f3 que el gobierno mexicano va a contratar m\u00e9dicos de Cuba que van a venir a trabajar a nuestro pa\u00eds.<\/p>\n<blockquote><p>&#8220;Esta decisi\u00f3n la tomamos porqueno tenemos los m\u00e9dicos que necesitamos en el pa\u00eds. No tenemos especialistas para ir a\u00a0Tlapa, Guerrero. Es uno de los problemas que le plante\u00e9 a D\u00edaz-Canel (presidente de Cuba), que especialistas para terapia de ni\u00f1as y ni\u00f1os puedan estar en la monta\u00f1a de Guerrero y\u00a0con Telet\u00f3n\u00a0acordamos que ese centro se establezca en\u00a0Sinaloa, que hay m\u00e1s condiciones&#8221;, sostuvo.<\/p><\/blockquote>\n<p>Detall\u00f3 que ser\u00e1n m\u00e1s de 500 m\u00e9dicos se van a contratar para garantizar el derecho a la salud y atenci\u00f3n m\u00e9dica, medicinas y an\u00e1lisis de estudios cl\u00ednicos gratuitos para quienes no tienen seguridad social.<\/p>\n<p>De la misma forma, el gobierno mexicano va a adquirir una\u00a0vacuna\u00a0que\u00a0Cuba est\u00e1 produciendo para ni\u00f1os muy peque\u00f1os\u00a0y que les ha dado muy buen resultado.<\/p>\n<p>En cuanto a su visita por Belice, el presidente L\u00f3pez Obrador indic\u00f3 que se logr\u00f3 un acuerdo para quitar aranceles a productos de aquella naci\u00f3n debido a que no pueden vender productos agropecuarios en M\u00e9xico por los impuestos.<\/p>\n<blockquote><p>&#8220;Quitar aranceles para alimentos, productos agr\u00edcolas, pescados, ganader\u00eda, mariscos, entre otros&#8221;, precis\u00f3.<\/p><\/blockquote>\n<p>Con informaci\u00f3n de Heraldo de M\u00e9xico<\/p>\n","protected":false},"excerpt":{"rendered":"<p>El presidente\u00a0Andr\u00e9s Manuel L\u00f3pez Obrador\u00a0detall\u00f3 que acordaron con el gobierno de\u00a0Cuba\u00a0la\u00a0contrataci\u00f3n\u00a0de\u00a0m\u00e1s\u00a0de\u00a0500 m\u00e9dicos\u00a0especialistas para laborar en la\u00a0Monta\u00f1a de Guerrero\u00a0y tambi\u00e9n la adquisici\u00f3n de vacunas cubanas\u00a0anti Covid-19que ser\u00e1n destinadas para la vacunaci\u00f3n a ni\u00f1os y adolescentes en M\u00e9xico. En\u00a0conferencia de prensa matutina\u00a0en Palacio Nacional, el mandatario nacional precis\u00f3 los acuerdos alcanzados en su gira de cinco d\u00edas &hellip;<\/p>\n","protected":false},"author":6,"featured_media":18459,"comment_status":"open","ping_status":"closed","sticky":false,"template":"","format":"standard","meta":[],"categories":[39],"tags":[98,1939,217,127],"_links":{"self":[{"href":"https:\/\/www.elgrillitosuena.com\/inicio\/wp-json\/wp\/v2\/posts\/18458"}],"collection":[{"href":"https:\/\/www.elgrillitosuena.com\/inicio\/wp-json\/wp\/v2\/posts"}],"about":[{"href":"https:\/\/www.elgrillitosuena.com\/inicio\/wp-json\/wp\/v2\/types\/post"}],"author":[{"embeddable":true,"href":"https:\/\/www.elgrillitosuena.com\/inicio\/wp-json\/wp\/v2\/users\/6"}],"replies":[{"embeddable":true,"href":"https:\/\/www.elgrillitosuena.com\/inicio\/wp-json\/wp\/v2\/comments?post=18458"}],"version-history":[{"count":1,"href":"https:\/\/www.elgrillitosuena.com\/inicio\/wp-json\/wp\/v2\/posts\/18458\/revisions"}],"predecessor-version":[{"id":18460,"href":"https:\/\/www.elgrillitosuena.com\/inicio\/wp-json\/wp\/v2\/posts\/18458\/revisions\/18460"}],"wp:featuredmedia":[{"embeddable":true,"href":"https:\/\/www.elgrillitosuena.com\/inicio\/wp-json\/wp\/v2\/media\/18459"}],"wp:attachment":[{"href":"https:\/\/www.elgrillitosuena.com\/inicio\/wp-json\/wp\/v2\/media?parent=18458"}],"wp:term":[{"taxonomy":"category","embeddable":true,"href":"https:\/\/www.elgrillitosuena.com\/inicio\/wp-json\/wp\/v2\/categories?post=18458"},{"taxonomy":"post_tag","embeddable":true,"href":"https:\/\/www.elgrillitosuena.com\/inicio\/wp-json\/wp\/v2\/tags?post=18458"}],"curies":[{"name":"wp","href":"https:\/\/api.w.org\/{rel}","templated":true}]}}