{"id":18212,"date":"2022-05-01T17:26:53","date_gmt":"2022-05-01T17:26:53","guid":{"rendered":"https:\/\/www.elgrillitosuena.com\/inicio\/?p=18212"},"modified":"2022-05-02T17:33:48","modified_gmt":"2022-05-02T17:33:48","slug":"estrategia-conjunta-y-trabajo-colaborativo-ante-siniestros-forestales","status":"publish","type":"post","link":"https:\/\/www.elgrillitosuena.com\/inicio\/noticias\/uruapan\/estrategia-conjunta-y-trabajo-colaborativo-ante-siniestros-forestales\/","title":{"rendered":"Estrategia conjunta y trabajo colaborativo ante siniestros forestales"},"content":{"rendered":"<p><img decoding=\"async\" loading=\"lazy\" class=\"alignnone  wp-image-18213\" src=\"https:\/\/www.elgrillitosuena.com\/inicio\/wp-content\/uploads\/2022\/05\/WhatsApp-Image-2022-05-01-at-8.21.13-PM-300x225.jpeg\" alt=\"\" width=\"701\" height=\"526\" srcset=\"https:\/\/www.elgrillitosuena.com\/inicio\/wp-content\/uploads\/2022\/05\/WhatsApp-Image-2022-05-01-at-8.21.13-PM-300x225.jpeg 300w, https:\/\/www.elgrillitosuena.com\/inicio\/wp-content\/uploads\/2022\/05\/WhatsApp-Image-2022-05-01-at-8.21.13-PM-768x576.jpeg 768w, https:\/\/www.elgrillitosuena.com\/inicio\/wp-content\/uploads\/2022\/05\/WhatsApp-Image-2022-05-01-at-8.21.13-PM.jpeg 1024w\" sizes=\"(max-width: 701px) 100vw, 701px\" \/><\/p>\n<p>Desde muy temprana hora de este d\u00eda, el presidente municipal Ignacio Campos Equihua y el gobernador del estado, Alfredo Ram\u00edrez Bedolla, han sostenido reuniones de trabajo, supervisi\u00f3n y evaluaci\u00f3n de los caos causados por los incendios forestales en la zona sur de este municipio.<\/p>\n<p>Actualmente se realizan maniobras de enfriamiento y monitoreo en las zonas afectadas, para evitar que resurja el fuego.<\/p>\n<p>Campos Equihua y Ram\u00edrez Bedolla acordaron continuar bajo una misma estrategia y trabajo colaborativo para determinar las acciones que habr\u00e1n de realizarse ante las afectaciones a nuestro medio ambiente.<\/p>\n","protected":false},"excerpt":{"rendered":"<p>Desde muy temprana hora de este d\u00eda, el presidente municipal Ignacio Campos Equihua y el gobernador del estado, Alfredo Ram\u00edrez Bedolla, han sostenido reuniones de trabajo, supervisi\u00f3n y evaluaci\u00f3n de los caos causados por los incendios forestales en la zona sur de este municipio. Actualmente se realizan maniobras de enfriamiento y monitoreo en las zonas &hellip;<\/p>\n","protected":false},"author":6,"featured_media":0,"comment_status":"open","ping_status":"closed","sticky":false,"template":"","format":"standard","meta":[],"categories":[37],"tags":[1644,1584,1588],"_links":{"self":[{"href":"https:\/\/www.elgrillitosuena.com\/inicio\/wp-json\/wp\/v2\/posts\/18212"}],"collection":[{"href":"https:\/\/www.elgrillitosuena.com\/inicio\/wp-json\/wp\/v2\/posts"}],"about":[{"href":"https:\/\/www.elgrillitosuena.com\/inicio\/wp-json\/wp\/v2\/types\/post"}],"author":[{"embeddable":true,"href":"https:\/\/www.elgrillitosuena.com\/inicio\/wp-json\/wp\/v2\/users\/6"}],"replies":[{"embeddable":true,"href":"https:\/\/www.elgrillitosuena.com\/inicio\/wp-json\/wp\/v2\/comments?post=18212"}],"version-history":[{"count":1,"href":"https:\/\/www.elgrillitosuena.com\/inicio\/wp-json\/wp\/v2\/posts\/18212\/revisions"}],"predecessor-version":[{"id":18214,"href":"https:\/\/www.elgrillitosuena.com\/inicio\/wp-json\/wp\/v2\/posts\/18212\/revisions\/18214"}],"wp:attachment":[{"href":"https:\/\/www.elgrillitosuena.com\/inicio\/wp-json\/wp\/v2\/media?parent=18212"}],"wp:term":[{"taxonomy":"category","embeddable":true,"href":"https:\/\/www.elgrillitosuena.com\/inicio\/wp-json\/wp\/v2\/categories?post=18212"},{"taxonomy":"post_tag","embeddable":true,"href":"https:\/\/www.elgrillitosuena.com\/inicio\/wp-json\/wp\/v2\/tags?post=18212"}],"curies":[{"name":"wp","href":"https:\/\/api.w.org\/{rel}","templated":true}]}}