{"id":18028,"date":"2022-04-26T17:40:34","date_gmt":"2022-04-26T17:40:34","guid":{"rendered":"https:\/\/www.elgrillitosuena.com\/inicio\/?p=18028"},"modified":"2022-04-26T17:40:34","modified_gmt":"2022-04-26T17:40:34","slug":"visita-lopez-obrador-la-replica-de-la-capilla-sixtina-en-el-zocalo","status":"publish","type":"post","link":"https:\/\/www.elgrillitosuena.com\/inicio\/noticias\/mexico\/visita-lopez-obrador-la-replica-de-la-capilla-sixtina-en-el-zocalo\/","title":{"rendered":"Visita L\u00f3pez Obrador la r\u00e9plica de la \u2018Capilla Sixtina\u2019 en el Z\u00f3calo"},"content":{"rendered":"<p><img decoding=\"async\" src=\"https:\/\/cdn2.excelsior.com.mx\/media\/styles\/image800x600\/public\/pictures\/2022\/04\/26\/2749082.jpg\" alt=\"Imagen tomada de Twitter: @Claudiashein\" \/><\/p>\n<p>Acompa\u00f1ado por el cardenal Pietro Parolin, el presidente Andr\u00e9s Manuel L\u00f3pez Obrador visit\u00f3\u00a0la r\u00e9plica de la Capilla Sixtina, de Roma, Italia,\u00a0que fue instalada en la explana del Z\u00f3calo capitalino.<\/p>\n<p>Pasadas las 11:00 horas, el mandatario realiz\u00f3 un recorrido por esta r\u00e9plica de tama\u00f1o natural que si bien su principal atractivo es la Capilla Sixtina cuya pintura fue obra de Miguel \u00c1ngel Buonarroti, cuenta con varias salas en las que se exponen r\u00e9plicas de piezas de los Museos Vaticanos.<\/p>\n<p>Cabe mencionar que esta r\u00e9plica es \u00fanica en el mundo y abri\u00f3 sus puertas desde el pasado 21 de abril y se exhibir\u00e1 durante todo un mes entre las 11:00 horas y las 18:45 horas.<\/p>\n<p>AL evento tambi\u00e9n asistieron el secretario de Relaciones Exteriores, Marcelo Ebrard; la secretaria de Seguridad y Protecci\u00f3n Ciudadana, Rosa Icela Rodr\u00edguez; as\u00ed como la jefa de Gobierno, Claudia Sheinbaum.<\/p>\n<p>En la obra de la Capilla Sixtina, Miguel \u00c1ngel\u00a0narr\u00f3 con sus pinturas \u201cdesde el G\u00e9nesis, el principio de la humanidad y alertando las conciencias para el Juicio Final\u201d.<\/p>\n<p>De acuerdo con el sitio oficial de la Capilla Sixtina en M\u00e9xico, el archivo digital para esta obra de tama\u00f1o real fue tomadas 2 millones 700 mil fotograf\u00edas a lo largo de 2000 mil horas de trabajo.<\/p>\n<p>Asimismo, en la muestra\u00a0los visitantes podr\u00e1n adquirir productos elaborados por artesanos, dise\u00f1adores y emprendedores de diversas entidades del pa\u00eds.<\/p>\n<p>Con informaci\u00f3n de Exc\u00e9lsior<\/p>\n","protected":false},"excerpt":{"rendered":"<p>Acompa\u00f1ado por el cardenal Pietro Parolin, el presidente Andr\u00e9s Manuel L\u00f3pez Obrador visit\u00f3\u00a0la r\u00e9plica de la Capilla Sixtina, de Roma, Italia,\u00a0que fue instalada en la explana del Z\u00f3calo capitalino. Pasadas las 11:00 horas, el mandatario realiz\u00f3 un recorrido por esta r\u00e9plica de tama\u00f1o natural que si bien su principal atractivo es la Capilla Sixtina cuya &hellip;<\/p>\n","protected":false},"author":6,"featured_media":18029,"comment_status":"open","ping_status":"closed","sticky":false,"template":"","format":"standard","meta":[],"categories":[39],"tags":[98,4633],"_links":{"self":[{"href":"https:\/\/www.elgrillitosuena.com\/inicio\/wp-json\/wp\/v2\/posts\/18028"}],"collection":[{"href":"https:\/\/www.elgrillitosuena.com\/inicio\/wp-json\/wp\/v2\/posts"}],"about":[{"href":"https:\/\/www.elgrillitosuena.com\/inicio\/wp-json\/wp\/v2\/types\/post"}],"author":[{"embeddable":true,"href":"https:\/\/www.elgrillitosuena.com\/inicio\/wp-json\/wp\/v2\/users\/6"}],"replies":[{"embeddable":true,"href":"https:\/\/www.elgrillitosuena.com\/inicio\/wp-json\/wp\/v2\/comments?post=18028"}],"version-history":[{"count":1,"href":"https:\/\/www.elgrillitosuena.com\/inicio\/wp-json\/wp\/v2\/posts\/18028\/revisions"}],"predecessor-version":[{"id":18030,"href":"https:\/\/www.elgrillitosuena.com\/inicio\/wp-json\/wp\/v2\/posts\/18028\/revisions\/18030"}],"wp:featuredmedia":[{"embeddable":true,"href":"https:\/\/www.elgrillitosuena.com\/inicio\/wp-json\/wp\/v2\/media\/18029"}],"wp:attachment":[{"href":"https:\/\/www.elgrillitosuena.com\/inicio\/wp-json\/wp\/v2\/media?parent=18028"}],"wp:term":[{"taxonomy":"category","embeddable":true,"href":"https:\/\/www.elgrillitosuena.com\/inicio\/wp-json\/wp\/v2\/categories?post=18028"},{"taxonomy":"post_tag","embeddable":true,"href":"https:\/\/www.elgrillitosuena.com\/inicio\/wp-json\/wp\/v2\/tags?post=18028"}],"curies":[{"name":"wp","href":"https:\/\/api.w.org\/{rel}","templated":true}]}}