{"id":18023,"date":"2022-04-26T15:58:56","date_gmt":"2022-04-26T15:58:56","guid":{"rendered":"https:\/\/www.elgrillitosuena.com\/inicio\/?p=18023"},"modified":"2022-04-26T15:58:56","modified_gmt":"2022-04-26T15:58:56","slug":"se-abrira-registro-de-vacuna-covid-para-todos-los-ninos-y-ninas-desde-12-anos","status":"publish","type":"post","link":"https:\/\/www.elgrillitosuena.com\/inicio\/uncategorized\/se-abrira-registro-de-vacuna-covid-para-todos-los-ninos-y-ninas-desde-12-anos\/","title":{"rendered":"Se abrir\u00e1 registro de vacuna COVID para todos los ni\u00f1os y ni\u00f1as desde 12 a\u00f1os"},"content":{"rendered":"<p><img decoding=\"async\" src=\"https:\/\/socvalped.com\/wp-content\/uploads\/2021\/07\/Vacunas-Covid.jpg\" alt=\"Vacunas Covid19 en ni\u00f1os y adolescentes - Socvalped\" \/><\/p>\n<p>Poquito a poquito pero se va avanzando en la\u00a0vacunaci\u00f3n universal\u00a0contra\u00a0COVID\u00a0en\u00a0M\u00e9xico. Despu\u00e9s de que\u00a0le tocara el piquete a los adolescentes mayores de 15 a\u00f1os, ahora se van a seguir con m\u00e1s peque\u00f1os\u2026 y es que ya preparan el registro\u00a0para todos los ni\u00f1os y ni\u00f1as desde los 12 a\u00f1os.<\/p>\n<p>S\u00ed, para todos: ahora\u00a0no tendr\u00e1n que ampararse, ni habr\u00e1\u00a0limitaciones por comorbilidades, simplemente ser\u00e1 necesario\u00a0registrarse.<\/p>\n<p><img decoding=\"async\" src=\"https:\/\/www.sopitas.com\/wp-content\/uploads\/2022\/03\/refuerzo-del-refuerzo-vacuna-covid-cuarta-dosis-4-pfizer-moderna-personas-estados-unidos.jpg?w=1024\" alt=\"refuerzo-del-refuerzo-vacuna-covid-cuarta-dosis-4-pfizer-moderna-personas-estados-unidos\" \/><\/p>\n<p>De acuerdo con los anuncios de la\u00a0Secretar\u00eda de Salud\u00a0habr\u00e1 que estar al pendiente durante los pr\u00f3ximos d\u00edas, porque\u00a0el registro se habilitar\u00e1 el pr\u00f3ximo jueves 28 de abril.Ya se la saben: el registro se har\u00e1 en la p\u00e1gina\u00a0<strong><a href=\"https:\/\/mivacuna.salud.gob.mx\/index.php\" target=\"_blank\" rel=\"noreferrer noopener\">mivacuna.salud.gob.mx<\/a><\/strong><\/p>\n<p><em>\u201cSe trata de que no solamente ni\u00f1as y ni\u00f1os con comorbilidades, como lo hemos venido haciendo desde hace cuatro meses y medio, sino tambi\u00e9n todas las\u00a0ni\u00f1as y ni\u00f1os sanos de 12 a\u00f1os en adelante\u201d<\/em>, dijo\u00a0Hugo L\u00f3pez-Gatell\u00a0en su aparici\u00f3n en\u00a0Palacio Nacional,\u00a0durante la conferencia ma\u00f1anera.<\/p>\n<p>Lo que todav\u00eda no se confirma es qu\u00e9 vacuna recibir\u00e1n los ni\u00f1os y ni\u00f1as de 12 a\u00f1os en adelante.<\/p>\n<p>Sin embargo, a inicios de abril 2022, la\u00a0COFEPRIS\u00a0aprob\u00f3 que los ni\u00f1os mexicanos\u00a0<em>\u2014desde los 5 a\u00f1os, por cierto\u2014<\/em>\u00a0reciban\u00a0las vacunas COVID de Pfizer. No se hab\u00edan aplicado porque no se anunciaba la campa\u00f1a nacional, pero bueno\u2026 esos detalles se podr\u00e1n conocer en los pr\u00f3ximos d\u00edas.<\/p>\n<h2 id=\"h-vacuna-covid-en-mexico\">Vacuna COVID en M\u00e9xico<\/h2>\n<p>Durante su presentaci\u00f3n en\u00a0Palacio Nacional, adem\u00e1s de confirmar que preparan\u00a0el registro de vacunaci\u00f3n para ni\u00f1os de 12 a\u00f1os\u00a0en adelante,\u00a0Hugo L\u00f3pez-Gatell\u00a0tambi\u00e9n platic\u00f3 sobre algunos datos importantes de los piquetes contra COVID en M\u00e9xico.<\/p>\n<p><img decoding=\"async\" src=\"https:\/\/www.sopitas.com\/wp-content\/uploads\/2022\/04\/mega-jornada-vacunacion-edomex-mercados-parques.jpeg?w=1024\" alt=\"mega-jornada-vacunacion-edomex-mercados-parques\" \/><\/p>\n<p>Se han aplicado\u00a0199 millones de dosis\u00a0en\u00a085 millones de personas.\u00a0La cobertura general, de la poblaci\u00f3n elegible, es del 87%.<\/p>\n<p>Con informaci\u00f3n de Sopitas<\/p>\n","protected":false},"excerpt":{"rendered":"<p>Poquito a poquito pero se va avanzando en la\u00a0vacunaci\u00f3n universal\u00a0contra\u00a0COVID\u00a0en\u00a0M\u00e9xico. Despu\u00e9s de que\u00a0le tocara el piquete a los adolescentes mayores de 15 a\u00f1os, ahora se van a seguir con m\u00e1s peque\u00f1os\u2026 y es que ya preparan el registro\u00a0para todos los ni\u00f1os y ni\u00f1as desde los 12 a\u00f1os. S\u00ed, para todos: ahora\u00a0no tendr\u00e1n que ampararse, ni &hellip;<\/p>\n","protected":false},"author":6,"featured_media":18024,"comment_status":"open","ping_status":"closed","sticky":false,"template":"","format":"standard","meta":[],"categories":[39,1],"tags":[165,217,127],"_links":{"self":[{"href":"https:\/\/www.elgrillitosuena.com\/inicio\/wp-json\/wp\/v2\/posts\/18023"}],"collection":[{"href":"https:\/\/www.elgrillitosuena.com\/inicio\/wp-json\/wp\/v2\/posts"}],"about":[{"href":"https:\/\/www.elgrillitosuena.com\/inicio\/wp-json\/wp\/v2\/types\/post"}],"author":[{"embeddable":true,"href":"https:\/\/www.elgrillitosuena.com\/inicio\/wp-json\/wp\/v2\/users\/6"}],"replies":[{"embeddable":true,"href":"https:\/\/www.elgrillitosuena.com\/inicio\/wp-json\/wp\/v2\/comments?post=18023"}],"version-history":[{"count":1,"href":"https:\/\/www.elgrillitosuena.com\/inicio\/wp-json\/wp\/v2\/posts\/18023\/revisions"}],"predecessor-version":[{"id":18027,"href":"https:\/\/www.elgrillitosuena.com\/inicio\/wp-json\/wp\/v2\/posts\/18023\/revisions\/18027"}],"wp:featuredmedia":[{"embeddable":true,"href":"https:\/\/www.elgrillitosuena.com\/inicio\/wp-json\/wp\/v2\/media\/18024"}],"wp:attachment":[{"href":"https:\/\/www.elgrillitosuena.com\/inicio\/wp-json\/wp\/v2\/media?parent=18023"}],"wp:term":[{"taxonomy":"category","embeddable":true,"href":"https:\/\/www.elgrillitosuena.com\/inicio\/wp-json\/wp\/v2\/categories?post=18023"},{"taxonomy":"post_tag","embeddable":true,"href":"https:\/\/www.elgrillitosuena.com\/inicio\/wp-json\/wp\/v2\/tags?post=18023"}],"curies":[{"name":"wp","href":"https:\/\/api.w.org\/{rel}","templated":true}]}}