{"id":17926,"date":"2022-04-25T14:05:06","date_gmt":"2022-04-25T14:05:06","guid":{"rendered":"https:\/\/www.elgrillitosuena.com\/inicio\/?p=17926"},"modified":"2022-04-25T14:20:39","modified_gmt":"2022-04-25T14:20:39","slug":"a-mi-me-cae-bien-trump-aunque-es-capitalista-revira-lopez-obrador","status":"publish","type":"post","link":"https:\/\/www.elgrillitosuena.com\/inicio\/noticias\/mexico\/a-mi-me-cae-bien-trump-aunque-es-capitalista-revira-lopez-obrador\/","title":{"rendered":"A m\u00ed me cae bien Trump, aunque es capitalista: revira L\u00f3pez Obrador"},"content":{"rendered":"<p><img decoding=\"async\" src=\"https:\/\/cdn2.excelsior.com.mx\/media\/styles\/image800x600\/public\/pictures\/2022\/04\/25\/2748525.jpg\" alt=\"Foto archivo: Cuartoscuro\" \/><\/p>\n<p>Luego de que el ex presidente de Estados Unidos (EU), Donald Trump, lo calificara como \u201ces uno de los socialistas que me gustan\u201d, el presidente Andr\u00e9s Manuel L\u00f3pez Obrador le revir\u00f3 que a \u00e9l tambi\u00e9n le cae muy bien, \u201caunque es capitalista\u201d, y que la relaci\u00f3n fue buena.<\/p>\n<p>Durante su conferencia matutina, el mandatario fue cuestionado acerca de los dichos del magnate en un mitin en Ohio para apoyar la candidatura de JD Vance al Senado, mismo en el que asegur\u00f3 que \u201cdobleg\u00f3\u201d a M\u00e9xico con amenazas de aranceles a importaciones mexicanas\u00a0si no se aplicaba el programa \u201cQu\u00e9date en M\u00e9xico\u201d.<\/p>\n<blockquote><p>A m\u00ed me cae bien el expresidente Trump, aunque es capitalista. Lo cierto es que nos entendimos y fue bueno para las dos naciones, ahora estoy sintiendo que se est\u00e1 hablando m\u00e1s de M\u00e9xico en Estados Unidos y es importante que los mexicanos sepamos el porqu\u00e9, este a\u00f1o van a haber elecciones en Estados Unidos\u201d, coment\u00f3 L\u00f3pez Obrador.<\/p><\/blockquote>\n<p>El nuestro mandatario advirti\u00f3 a los dem\u00f3cratas y republicanos de Estados Unidos que no permitir\u00e1 que ning\u00fan candidato utilice a M\u00e9xico \u201ccomo pi\u00f1ata\u201d, esto al advertir que el vecino del norte se encuentra en proceso electoral para renovar una parte del Senado y algunas gubernaturas, entre ellas Texas.<\/p>\n<p>L\u00f3pez Obrador reiter\u00f3 su llamado a los mexicanos y a la comunidad latina que tiene la doble nacionalidad para no apoyar a aquellos\u00a0personajes o partidos que insulten a M\u00e9xico, as\u00ed como a las naciones de Am\u00e9rica Latina y el Caribe.<\/p>\n<p>\u201cVamos a estar pendientes y cuando alguien se ofenda y se exceda lo vamos a se\u00f1alar para que nuestros paisanos nos ayuden\u201d, dijo.<\/p>\n<p>Con informaci\u00f3n de Exc\u00e9lsior<\/p>\n","protected":false},"excerpt":{"rendered":"<p>Luego de que el ex presidente de Estados Unidos (EU), Donald Trump, lo calificara como \u201ces uno de los socialistas que me gustan\u201d, el presidente Andr\u00e9s Manuel L\u00f3pez Obrador le revir\u00f3 que a \u00e9l tambi\u00e9n le cae muy bien, \u201caunque es capitalista\u201d, y que la relaci\u00f3n fue buena. Durante su conferencia matutina, el mandatario fue &hellip;<\/p>\n","protected":false},"author":6,"featured_media":17927,"comment_status":"open","ping_status":"closed","sticky":false,"template":"","format":"standard","meta":[],"categories":[39],"tags":[98,231,405],"_links":{"self":[{"href":"https:\/\/www.elgrillitosuena.com\/inicio\/wp-json\/wp\/v2\/posts\/17926"}],"collection":[{"href":"https:\/\/www.elgrillitosuena.com\/inicio\/wp-json\/wp\/v2\/posts"}],"about":[{"href":"https:\/\/www.elgrillitosuena.com\/inicio\/wp-json\/wp\/v2\/types\/post"}],"author":[{"embeddable":true,"href":"https:\/\/www.elgrillitosuena.com\/inicio\/wp-json\/wp\/v2\/users\/6"}],"replies":[{"embeddable":true,"href":"https:\/\/www.elgrillitosuena.com\/inicio\/wp-json\/wp\/v2\/comments?post=17926"}],"version-history":[{"count":3,"href":"https:\/\/www.elgrillitosuena.com\/inicio\/wp-json\/wp\/v2\/posts\/17926\/revisions"}],"predecessor-version":[{"id":17938,"href":"https:\/\/www.elgrillitosuena.com\/inicio\/wp-json\/wp\/v2\/posts\/17926\/revisions\/17938"}],"wp:featuredmedia":[{"embeddable":true,"href":"https:\/\/www.elgrillitosuena.com\/inicio\/wp-json\/wp\/v2\/media\/17927"}],"wp:attachment":[{"href":"https:\/\/www.elgrillitosuena.com\/inicio\/wp-json\/wp\/v2\/media?parent=17926"}],"wp:term":[{"taxonomy":"category","embeddable":true,"href":"https:\/\/www.elgrillitosuena.com\/inicio\/wp-json\/wp\/v2\/categories?post=17926"},{"taxonomy":"post_tag","embeddable":true,"href":"https:\/\/www.elgrillitosuena.com\/inicio\/wp-json\/wp\/v2\/tags?post=17926"}],"curies":[{"name":"wp","href":"https:\/\/api.w.org\/{rel}","templated":true}]}}