{"id":17921,"date":"2022-04-22T19:43:07","date_gmt":"2022-04-22T19:43:07","guid":{"rendered":"https:\/\/www.elgrillitosuena.com\/inicio\/?p=17921"},"modified":"2022-04-22T19:43:07","modified_gmt":"2022-04-22T19:43:07","slug":"realizan-limpieza-en-la-barranca-de-la-guerra","status":"publish","type":"post","link":"https:\/\/www.elgrillitosuena.com\/inicio\/noticias\/uruapan\/realizan-limpieza-en-la-barranca-de-la-guerra\/","title":{"rendered":"Realizan limpieza en la Barranca de la Guerra"},"content":{"rendered":"<p><img decoding=\"async\" loading=\"lazy\" class=\"alignnone  wp-image-17922\" src=\"https:\/\/www.elgrillitosuena.com\/inicio\/wp-content\/uploads\/2022\/04\/WhatsApp-Image-2022-04-22-at-2.39.54-PM-300x169.jpeg\" alt=\"\" width=\"779\" height=\"439\" srcset=\"https:\/\/www.elgrillitosuena.com\/inicio\/wp-content\/uploads\/2022\/04\/WhatsApp-Image-2022-04-22-at-2.39.54-PM-300x169.jpeg 300w, https:\/\/www.elgrillitosuena.com\/inicio\/wp-content\/uploads\/2022\/04\/WhatsApp-Image-2022-04-22-at-2.39.54-PM-1024x576.jpeg 1024w, https:\/\/www.elgrillitosuena.com\/inicio\/wp-content\/uploads\/2022\/04\/WhatsApp-Image-2022-04-22-at-2.39.54-PM-768x432.jpeg 768w, https:\/\/www.elgrillitosuena.com\/inicio\/wp-content\/uploads\/2022\/04\/WhatsApp-Image-2022-04-22-at-2.39.54-PM-1536x864.jpeg 1536w, https:\/\/www.elgrillitosuena.com\/inicio\/wp-content\/uploads\/2022\/04\/WhatsApp-Image-2022-04-22-at-2.39.54-PM.jpeg 1600w\" sizes=\"(max-width: 779px) 100vw, 779px\" \/><\/p>\n<p>Realizan limpieza en la Barranca de \u201cLa Guerra\u201d, en la comunidad ind\u00edgena de San Lorenzo; en el marco de la conmemoraci\u00f3n del D\u00eda Internacional de la Madre Tierra.<\/p>\n<p>Este d\u00eda, trabajadores del ayuntamiento en conjunto con habitantes de la mencionada localidad, llevaron a cabo la recolecci\u00f3n de desechos y basura, como una de las acciones de rescate del R\u00edo Cupatitzio.<\/p>\n<p><img decoding=\"async\" loading=\"lazy\" class=\"alignnone  wp-image-17923\" src=\"https:\/\/www.elgrillitosuena.com\/inicio\/wp-content\/uploads\/2022\/04\/WhatsApp-Image-2022-04-22-at-2.39.53-PM-300x169.jpeg\" alt=\"\" width=\"758\" height=\"427\" srcset=\"https:\/\/www.elgrillitosuena.com\/inicio\/wp-content\/uploads\/2022\/04\/WhatsApp-Image-2022-04-22-at-2.39.53-PM-300x169.jpeg 300w, https:\/\/www.elgrillitosuena.com\/inicio\/wp-content\/uploads\/2022\/04\/WhatsApp-Image-2022-04-22-at-2.39.53-PM-1024x576.jpeg 1024w, https:\/\/www.elgrillitosuena.com\/inicio\/wp-content\/uploads\/2022\/04\/WhatsApp-Image-2022-04-22-at-2.39.53-PM-768x432.jpeg 768w, https:\/\/www.elgrillitosuena.com\/inicio\/wp-content\/uploads\/2022\/04\/WhatsApp-Image-2022-04-22-at-2.39.53-PM-1536x864.jpeg 1536w, https:\/\/www.elgrillitosuena.com\/inicio\/wp-content\/uploads\/2022\/04\/WhatsApp-Image-2022-04-22-at-2.39.53-PM.jpeg 1600w\" sizes=\"(max-width: 758px) 100vw, 758px\" \/><\/p>\n<p>Adem\u00e1s, realizaron la separaci\u00f3n de los residuos, para poder reciclar los que puedan llevar ese proceso; incluso, se piensa en que lo reciclado, cree una ganancia econ\u00f3mica para la esta poblaci\u00f3n.<\/p>\n<p>En el lugar estuvieron presentes Juan Manuel Tung\u00fci Olivo, director de Medio Ambiente; Domingo Jim\u00e9nez Ventura, director de Desarrollo Rural; Mart\u00edn Bernab\u00e9 Toribio, director de Asuntos Ind\u00edgenas y Tomas \u00c1ngel Bernab\u00e9, jefe de Tenencia.<\/p>\n<p><img decoding=\"async\" loading=\"lazy\" class=\"alignnone  wp-image-17924\" src=\"https:\/\/www.elgrillitosuena.com\/inicio\/wp-content\/uploads\/2022\/04\/WhatsApp-Image-2022-04-22-at-2.39.53-PM-1-300x169.jpeg\" alt=\"\" width=\"735\" height=\"414\" srcset=\"https:\/\/www.elgrillitosuena.com\/inicio\/wp-content\/uploads\/2022\/04\/WhatsApp-Image-2022-04-22-at-2.39.53-PM-1-300x169.jpeg 300w, https:\/\/www.elgrillitosuena.com\/inicio\/wp-content\/uploads\/2022\/04\/WhatsApp-Image-2022-04-22-at-2.39.53-PM-1-1024x576.jpeg 1024w, https:\/\/www.elgrillitosuena.com\/inicio\/wp-content\/uploads\/2022\/04\/WhatsApp-Image-2022-04-22-at-2.39.53-PM-1-768x432.jpeg 768w, https:\/\/www.elgrillitosuena.com\/inicio\/wp-content\/uploads\/2022\/04\/WhatsApp-Image-2022-04-22-at-2.39.53-PM-1-1536x864.jpeg 1536w, https:\/\/www.elgrillitosuena.com\/inicio\/wp-content\/uploads\/2022\/04\/WhatsApp-Image-2022-04-22-at-2.39.53-PM-1.jpeg 1600w\" sizes=\"(max-width: 735px) 100vw, 735px\" \/><\/p>\n<p>En dicha actividad, tambi\u00e9n se cont\u00f3 con la participaci\u00f3n de trabajadores de la Comisi\u00f3n de Agua Potable Alcantarillado y Saneamiento de Uruapan (Capasu), de Servicios Generales, as\u00ed como Obras P\u00fablicas.<\/p>\n","protected":false},"excerpt":{"rendered":"<p>Realizan limpieza en la Barranca de \u201cLa Guerra\u201d, en la comunidad ind\u00edgena de San Lorenzo; en el marco de la conmemoraci\u00f3n del D\u00eda Internacional de la Madre Tierra. Este d\u00eda, trabajadores del ayuntamiento en conjunto con habitantes de la mencionada localidad, llevaron a cabo la recolecci\u00f3n de desechos y basura, como una de las acciones &hellip;<\/p>\n","protected":false},"author":6,"featured_media":17922,"comment_status":"open","ping_status":"closed","sticky":false,"template":"","format":"standard","meta":[],"categories":[37],"tags":[4768,4767,3699],"_links":{"self":[{"href":"https:\/\/www.elgrillitosuena.com\/inicio\/wp-json\/wp\/v2\/posts\/17921"}],"collection":[{"href":"https:\/\/www.elgrillitosuena.com\/inicio\/wp-json\/wp\/v2\/posts"}],"about":[{"href":"https:\/\/www.elgrillitosuena.com\/inicio\/wp-json\/wp\/v2\/types\/post"}],"author":[{"embeddable":true,"href":"https:\/\/www.elgrillitosuena.com\/inicio\/wp-json\/wp\/v2\/users\/6"}],"replies":[{"embeddable":true,"href":"https:\/\/www.elgrillitosuena.com\/inicio\/wp-json\/wp\/v2\/comments?post=17921"}],"version-history":[{"count":1,"href":"https:\/\/www.elgrillitosuena.com\/inicio\/wp-json\/wp\/v2\/posts\/17921\/revisions"}],"predecessor-version":[{"id":17925,"href":"https:\/\/www.elgrillitosuena.com\/inicio\/wp-json\/wp\/v2\/posts\/17921\/revisions\/17925"}],"wp:featuredmedia":[{"embeddable":true,"href":"https:\/\/www.elgrillitosuena.com\/inicio\/wp-json\/wp\/v2\/media\/17922"}],"wp:attachment":[{"href":"https:\/\/www.elgrillitosuena.com\/inicio\/wp-json\/wp\/v2\/media?parent=17921"}],"wp:term":[{"taxonomy":"category","embeddable":true,"href":"https:\/\/www.elgrillitosuena.com\/inicio\/wp-json\/wp\/v2\/categories?post=17921"},{"taxonomy":"post_tag","embeddable":true,"href":"https:\/\/www.elgrillitosuena.com\/inicio\/wp-json\/wp\/v2\/tags?post=17921"}],"curies":[{"name":"wp","href":"https:\/\/api.w.org\/{rel}","templated":true}]}}