{"id":17917,"date":"2022-04-22T19:38:32","date_gmt":"2022-04-22T19:38:32","guid":{"rendered":"https:\/\/www.elgrillitosuena.com\/inicio\/?p=17917"},"modified":"2022-04-22T19:38:32","modified_gmt":"2022-04-22T19:38:32","slug":"se-preparan-las-mujeres-para-la-entrega-de-la-presea-huarhiti-janguarhiti","status":"publish","type":"post","link":"https:\/\/www.elgrillitosuena.com\/inicio\/noticias\/uruapan\/se-preparan-las-mujeres-para-la-entrega-de-la-presea-huarhiti-janguarhiti\/","title":{"rendered":"Se preparan las mujeres para la entrega de la Presea \u201cHuarhiti Janguarhiti\u201d"},"content":{"rendered":"<p><img decoding=\"async\" loading=\"lazy\" class=\"alignnone  wp-image-17918\" src=\"https:\/\/www.elgrillitosuena.com\/inicio\/wp-content\/uploads\/2022\/04\/WhatsApp-Image-2022-04-22-at-2.25.22-PM-300x199.jpeg\" alt=\"\" width=\"727\" height=\"482\" srcset=\"https:\/\/www.elgrillitosuena.com\/inicio\/wp-content\/uploads\/2022\/04\/WhatsApp-Image-2022-04-22-at-2.25.22-PM-300x199.jpeg 300w, https:\/\/www.elgrillitosuena.com\/inicio\/wp-content\/uploads\/2022\/04\/WhatsApp-Image-2022-04-22-at-2.25.22-PM-310x205.jpeg 310w, https:\/\/www.elgrillitosuena.com\/inicio\/wp-content\/uploads\/2022\/04\/WhatsApp-Image-2022-04-22-at-2.25.22-PM.jpeg 603w\" sizes=\"(max-width: 727px) 100vw, 727px\" \/><\/p>\n<p>El gobierno municipal, a trav\u00e9s de la Secretar\u00eda de Pol\u00edtica de G\u00e9nero e Inclusi\u00f3n, informaron con respecto a la convocatoria para la entrega de la Presea \u201cHuarhiti Janguarhiti\u201d, (para Mujeres de Trayectoria en Beneficio de la Sociedad), en esta edici\u00f3n 2022 se diferenciar\u00e1 porque habr\u00e1 tres reconocimientos en lugar de uno, como en ediciones pasadas.<\/p>\n<p>Lo anterior fue dado a conocer por Maribel Alonso Sebasti\u00e1n, secretaria de Pol\u00edtica de G\u00e9nero e Inclusi\u00f3n, quien adelant\u00f3 que por instrucciones del presidente municipal, Nacho Campos, se ampli\u00f3 el n\u00famero de distinciones a tres; esto, derivado de la amplia variedad de actividades culturales, laborales, educativas, art\u00edsticas, sociales, entre otras.<\/p>\n<p>Pero, sobre todo, en esta edici\u00f3n se busca la inclusi\u00f3n de todos los sectores, comunidades, colectivos y zona urbana.<br \/>\nDijo adem\u00e1s que las categor\u00edas en las que las mujeres van a poder participar son:<\/p>\n<ul>\n<li>Profesional\u2013Empresarial: Mujeres con actividad profesional o empresarial que promuevan la responsabilidad social.<\/li>\n<li>Social\u2013Comunitaria: Mujeres que cuenten con capacidad de servicio, generando procesos de autonom\u00eda y autogesti\u00f3n sostenibles, a manera de obras asistenciales y filantr\u00f3picas.<\/li>\n<li>Educativa: Mujeres que se han dedicado a promover pr\u00e1cticas pedag\u00f3gicas en cualquier nivel educativo y han generado verdaderas transformaciones en su entorno.<\/li>\n<li>Art\u00edstico\u2013Cultural: Mujeres que se destacan en las diferentes expresiones art\u00edsticas y apoyo a las manifestaciones culturales.<\/li>\n<li>Deporte: Mujeres que se distingan por su labor en fomentar el deporte.<br \/>\nMedio ambiente: Mujeres destacadas que difundan con su ejemplo la sustentabilidad y preservaci\u00f3n ecol\u00f3gica del medio.<\/li>\n<li>Ciencia y tecnolog\u00eda: Mujeres que han realizado aportaciones en el desarrollo de las ciencias y tecnolog\u00edas para beneficio y transformaci\u00f3n de su entorno.<\/li>\n<\/ul>\n<p>Se\u00f1al\u00f3 tambi\u00e9n que, el evento se realizar\u00e1 el d\u00eda 25 de abril y las participantes deber\u00e1n contar con las siguientes caracter\u00edsticas: Lugar de nacimiento, edad (de 18 a\u00f1os en adelante), profesi\u00f3n u oficio de la candidata y \u00e1rea de desarrollo para la cual se propone. La presea ser\u00e1 otorgada a la mujer uruapenses de nacimiento o avecindada en el municipio de Uruapan con una residencia mayor de cinco a\u00f1os, sin importar su condici\u00f3n f\u00edsica u origen \u00e9tnico.<\/p>\n","protected":false},"excerpt":{"rendered":"<p>El gobierno municipal, a trav\u00e9s de la Secretar\u00eda de Pol\u00edtica de G\u00e9nero e Inclusi\u00f3n, informaron con respecto a la convocatoria para la entrega de la Presea \u201cHuarhiti Janguarhiti\u201d, (para Mujeres de Trayectoria en Beneficio de la Sociedad), en esta edici\u00f3n 2022 se diferenciar\u00e1 porque habr\u00e1 tres reconocimientos en lugar de uno, como en ediciones pasadas. &hellip;<\/p>\n","protected":false},"author":6,"featured_media":17919,"comment_status":"open","ping_status":"closed","sticky":false,"template":"","format":"standard","meta":[],"categories":[37],"tags":[4106,3173],"_links":{"self":[{"href":"https:\/\/www.elgrillitosuena.com\/inicio\/wp-json\/wp\/v2\/posts\/17917"}],"collection":[{"href":"https:\/\/www.elgrillitosuena.com\/inicio\/wp-json\/wp\/v2\/posts"}],"about":[{"href":"https:\/\/www.elgrillitosuena.com\/inicio\/wp-json\/wp\/v2\/types\/post"}],"author":[{"embeddable":true,"href":"https:\/\/www.elgrillitosuena.com\/inicio\/wp-json\/wp\/v2\/users\/6"}],"replies":[{"embeddable":true,"href":"https:\/\/www.elgrillitosuena.com\/inicio\/wp-json\/wp\/v2\/comments?post=17917"}],"version-history":[{"count":1,"href":"https:\/\/www.elgrillitosuena.com\/inicio\/wp-json\/wp\/v2\/posts\/17917\/revisions"}],"predecessor-version":[{"id":17920,"href":"https:\/\/www.elgrillitosuena.com\/inicio\/wp-json\/wp\/v2\/posts\/17917\/revisions\/17920"}],"wp:featuredmedia":[{"embeddable":true,"href":"https:\/\/www.elgrillitosuena.com\/inicio\/wp-json\/wp\/v2\/media\/17919"}],"wp:attachment":[{"href":"https:\/\/www.elgrillitosuena.com\/inicio\/wp-json\/wp\/v2\/media?parent=17917"}],"wp:term":[{"taxonomy":"category","embeddable":true,"href":"https:\/\/www.elgrillitosuena.com\/inicio\/wp-json\/wp\/v2\/categories?post=17917"},{"taxonomy":"post_tag","embeddable":true,"href":"https:\/\/www.elgrillitosuena.com\/inicio\/wp-json\/wp\/v2\/tags?post=17917"}],"curies":[{"name":"wp","href":"https:\/\/api.w.org\/{rel}","templated":true}]}}