{"id":17911,"date":"2022-04-22T19:34:55","date_gmt":"2022-04-22T19:34:55","guid":{"rendered":"https:\/\/www.elgrillitosuena.com\/inicio\/?p=17911"},"modified":"2022-04-22T19:34:55","modified_gmt":"2022-04-22T19:34:55","slug":"gestiona-nacho-campos-nuevos-nichos-de-oportunidad-para-artesanos","status":"publish","type":"post","link":"https:\/\/www.elgrillitosuena.com\/inicio\/noticias\/uruapan\/gestiona-nacho-campos-nuevos-nichos-de-oportunidad-para-artesanos\/","title":{"rendered":"Gestiona Nacho Campos nuevos nichos de oportunidad para artesanos"},"content":{"rendered":"<p><img decoding=\"async\" loading=\"lazy\" class=\"alignnone  wp-image-17912\" src=\"https:\/\/www.elgrillitosuena.com\/inicio\/wp-content\/uploads\/2022\/04\/WhatsApp-Image-2022-04-22-at-2.25.19-PM-300x200.jpeg\" alt=\"\" width=\"623\" height=\"415\" srcset=\"https:\/\/www.elgrillitosuena.com\/inicio\/wp-content\/uploads\/2022\/04\/WhatsApp-Image-2022-04-22-at-2.25.19-PM-300x200.jpeg 300w, https:\/\/www.elgrillitosuena.com\/inicio\/wp-content\/uploads\/2022\/04\/WhatsApp-Image-2022-04-22-at-2.25.19-PM-768x512.jpeg 768w, https:\/\/www.elgrillitosuena.com\/inicio\/wp-content\/uploads\/2022\/04\/WhatsApp-Image-2022-04-22-at-2.25.19-PM.jpeg 1024w\" sizes=\"(max-width: 623px) 100vw, 623px\" \/><\/p>\n<p>El presidente municipal de Uruapan, Ignacio Campos Equihua refrend\u00f3 su respaldo al sector artesanal de la entidad, para el cual gestion\u00f3 nuevas ventanas de oportunidad, para comercializar sus piezas en la Perla del Cupatitzio, en la Ciudad de M\u00e9xico y en Inglaterra.<\/p>\n<p>Durante el acto de agradecimiento de la Uni\u00f3n Estatal de Artesanos de Michoac\u00e1n (Uneamich) a las autoridades municipales y estatales, por haber retomado el Tianguis Artesanal Domingo de Ramos Uruapan, el alcalde confirm\u00f3 el proyecto que gestion\u00f3 ante la secretaria de Econom\u00eda federal, Tatiana Clouthier, de exportar prendas artesanales a Inglaterra, como parte del Tratado de Libre Comercio con ese pa\u00eds.<\/p>\n<p><img decoding=\"async\" loading=\"lazy\" class=\"alignnone  wp-image-17913\" src=\"https:\/\/www.elgrillitosuena.com\/inicio\/wp-content\/uploads\/2022\/04\/WhatsApp-Image-2022-04-22-at-2.25.20-PM-300x200.jpeg\" alt=\"\" width=\"693\" height=\"462\" srcset=\"https:\/\/www.elgrillitosuena.com\/inicio\/wp-content\/uploads\/2022\/04\/WhatsApp-Image-2022-04-22-at-2.25.20-PM-300x200.jpeg 300w, https:\/\/www.elgrillitosuena.com\/inicio\/wp-content\/uploads\/2022\/04\/WhatsApp-Image-2022-04-22-at-2.25.20-PM-768x512.jpeg 768w, https:\/\/www.elgrillitosuena.com\/inicio\/wp-content\/uploads\/2022\/04\/WhatsApp-Image-2022-04-22-at-2.25.20-PM.jpeg 1024w\" sizes=\"(max-width: 693px) 100vw, 693px\" \/><\/p>\n<p>Tambi\u00e9n reiter\u00f3 la idea de vender artesan\u00edas en Los Pinos, lo cual consigui\u00f3 Nacho Campos ante la secretaria de Cultura federal, Alejandra Frausto Hurtado y de abrir espacios de comercializaci\u00f3n en un lugar c\u00e9ntrico de Uruapan.<\/p>\n<p>El municipio expres\u00f3 su reconocimiento a empleados municipales, por su labor en el desarrollo de la muestra de artesan\u00edas m\u00e1s grande de Latinoam\u00e9rica.<\/p>\n<p><img decoding=\"async\" loading=\"lazy\" class=\"alignnone  wp-image-17914\" src=\"https:\/\/www.elgrillitosuena.com\/inicio\/wp-content\/uploads\/2022\/04\/WhatsApp-Image-2022-04-22-at-2.25.21-PM-300x200.jpeg\" alt=\"\" width=\"692\" height=\"461\" srcset=\"https:\/\/www.elgrillitosuena.com\/inicio\/wp-content\/uploads\/2022\/04\/WhatsApp-Image-2022-04-22-at-2.25.21-PM-300x200.jpeg 300w, https:\/\/www.elgrillitosuena.com\/inicio\/wp-content\/uploads\/2022\/04\/WhatsApp-Image-2022-04-22-at-2.25.21-PM-768x512.jpeg 768w, https:\/\/www.elgrillitosuena.com\/inicio\/wp-content\/uploads\/2022\/04\/WhatsApp-Image-2022-04-22-at-2.25.21-PM.jpeg 1024w\" sizes=\"(max-width: 692px) 100vw, 692px\" \/><\/p>\n<p>En tanto que la presidenta de la Uni\u00f3n Estatal de Artesanos de Michoac\u00e1n, Emilia Reyes Oseguera subray\u00f3 que \u201clos artesanos michoacanos estamos agradecidos con Uruapan. Lugares como \u00e9ste, el cari\u00f1o de la gente y atenci\u00f3n de la autoridad municipal, no la tenemos en otra parte\u201d.<\/p>\n<p>Mientras que el director del Instituto del Artesano Michoacano, C\u00e1stor Estrada Robles recalc\u00f3 que la coordinaci\u00f3n de tres \u00f3rdenes de gobierno con artesanos, fue clave para la buena organizaci\u00f3n y desarrollo del Tianguis.<\/p>\n<p><img decoding=\"async\" loading=\"lazy\" class=\"alignnone  wp-image-17915\" src=\"https:\/\/www.elgrillitosuena.com\/inicio\/wp-content\/uploads\/2022\/04\/WhatsApp-Image-2022-04-22-at-2.25.21-PM-1-300x200.jpeg\" alt=\"\" width=\"675\" height=\"450\" srcset=\"https:\/\/www.elgrillitosuena.com\/inicio\/wp-content\/uploads\/2022\/04\/WhatsApp-Image-2022-04-22-at-2.25.21-PM-1-300x200.jpeg 300w, https:\/\/www.elgrillitosuena.com\/inicio\/wp-content\/uploads\/2022\/04\/WhatsApp-Image-2022-04-22-at-2.25.21-PM-1-1024x682.jpeg 1024w, https:\/\/www.elgrillitosuena.com\/inicio\/wp-content\/uploads\/2022\/04\/WhatsApp-Image-2022-04-22-at-2.25.21-PM-1-768x511.jpeg 768w, https:\/\/www.elgrillitosuena.com\/inicio\/wp-content\/uploads\/2022\/04\/WhatsApp-Image-2022-04-22-at-2.25.21-PM-1.jpeg 1280w\" sizes=\"(max-width: 675px) 100vw, 675px\" \/><\/p>\n<p>En este marco, se entregaron los premios a los ganadores del Desfile de Artesanos. El primer lugar fue compartido entre Cher\u00e1n, con la representaci\u00f3n del Corpus y San Felipe de los Herreros, con La Boda. El segundo sitio fue para Nuevo Parangaricutiro, con la representaci\u00f3n de usos y costumbres, as\u00ed como para Santa Clara del Cobre, con la fragua y Pit\u00f3 P\u00e9rez. El tercer lugar lo ocup\u00f3 Patamban, con la danza de los K\u00farpites y Pamat\u00e1cuaro con la danza de los viejitos. El premio especial fue para Santa Fe de la Laguna.<\/p>\n","protected":false},"excerpt":{"rendered":"<p>El presidente municipal de Uruapan, Ignacio Campos Equihua refrend\u00f3 su respaldo al sector artesanal de la entidad, para el cual gestion\u00f3 nuevas ventanas de oportunidad, para comercializar sus piezas en la Perla del Cupatitzio, en la Ciudad de M\u00e9xico y en Inglaterra. Durante el acto de agradecimiento de la Uni\u00f3n Estatal de Artesanos de Michoac\u00e1n &hellip;<\/p>\n","protected":false},"author":6,"featured_media":17912,"comment_status":"open","ping_status":"closed","sticky":false,"template":"","format":"standard","meta":[],"categories":[3116,37],"tags":[1752,1588,4766],"_links":{"self":[{"href":"https:\/\/www.elgrillitosuena.com\/inicio\/wp-json\/wp\/v2\/posts\/17911"}],"collection":[{"href":"https:\/\/www.elgrillitosuena.com\/inicio\/wp-json\/wp\/v2\/posts"}],"about":[{"href":"https:\/\/www.elgrillitosuena.com\/inicio\/wp-json\/wp\/v2\/types\/post"}],"author":[{"embeddable":true,"href":"https:\/\/www.elgrillitosuena.com\/inicio\/wp-json\/wp\/v2\/users\/6"}],"replies":[{"embeddable":true,"href":"https:\/\/www.elgrillitosuena.com\/inicio\/wp-json\/wp\/v2\/comments?post=17911"}],"version-history":[{"count":1,"href":"https:\/\/www.elgrillitosuena.com\/inicio\/wp-json\/wp\/v2\/posts\/17911\/revisions"}],"predecessor-version":[{"id":17916,"href":"https:\/\/www.elgrillitosuena.com\/inicio\/wp-json\/wp\/v2\/posts\/17911\/revisions\/17916"}],"wp:featuredmedia":[{"embeddable":true,"href":"https:\/\/www.elgrillitosuena.com\/inicio\/wp-json\/wp\/v2\/media\/17912"}],"wp:attachment":[{"href":"https:\/\/www.elgrillitosuena.com\/inicio\/wp-json\/wp\/v2\/media?parent=17911"}],"wp:term":[{"taxonomy":"category","embeddable":true,"href":"https:\/\/www.elgrillitosuena.com\/inicio\/wp-json\/wp\/v2\/categories?post=17911"},{"taxonomy":"post_tag","embeddable":true,"href":"https:\/\/www.elgrillitosuena.com\/inicio\/wp-json\/wp\/v2\/tags?post=17911"}],"curies":[{"name":"wp","href":"https:\/\/api.w.org\/{rel}","templated":true}]}}